{"id":53506,"date":"2020-05-22T23:33:29","date_gmt":"2020-05-22T23:33:29","guid":{"rendered":"http:\/\/goiasemtempo.com.br\/home\/?p=53506"},"modified":"2020-05-22T23:33:29","modified_gmt":"2020-05-22T23:33:29","slug":"stf-divulga-reuniao-ministerial-com-bolsonaro-veja-os-destaques","status":"publish","type":"post","link":"https:\/\/goiasemtempo.com.br\/home\/stf-divulga-reuniao-ministerial-com-bolsonaro-veja-os-destaques\/","title":{"rendered":"STF divulga reuni\u00e3o ministerial com Bolsonaro; veja os destaques"},"content":{"rendered":"<p>Ap\u00f3s autoriza\u00e7\u00e3o do ministro do\u00a0<a href=\"http:\/\/portal.stf.jus.br\/\"><strong>Supremo Tribunal Federal (STF)<\/strong><\/a>,\u00a0<strong>Celso de Melo<\/strong>, o v\u00eddeo que o<strong>\u00a0ex-ministro da Justi\u00e7a e Seguran\u00e7a P\u00fablica<\/strong>,\u00a0<strong>S\u00e9rgio Moro<\/strong>, aponta ser a prova que o presidente\u00a0<strong>Jair Bolsonaro (sem partido)<\/strong>\u00a0teria interferido na troca da superintend\u00eancia da Pol\u00edcia Federal foi liberado. Vale ressaltar que duas partes da reuni\u00e3o do \u00faltimo dia 22 de abril foram exclu\u00eddas e s\u00e3o referentes \u00e0 China e o Paraguai.<\/p>\n<p>Em um dos trechos,\u00a0<a href=\"https:\/\/www.emaisgoias.com.br\/nao-vou-esperar-foderem-a-minha-familia-toda-diz-bolsonaro\/\">Bolsonaro diz que est\u00e3o tentando lhe atingir mexendo com familiares<\/a>. \u201cJ\u00e1 tentei trocar gente da seguran\u00e7a do Rio de Janeiro, oficialmente, e n\u00e3o consegui. Isso acabou! Eu n\u00e3o vou esperar f\u2026. minha fam\u00edlia toda, ou amigos meus, de sacanagem, porque eu n\u00e3o posso trocar algu\u00e9m na ponta da estrutura. Vai mudar! Se n\u00e3o puder trocar, troca o chefe dele, se n\u00e3o puder trocar, troco o ministro\u201d, pontua.<\/p>\n<h2>Efeito da pandemia<\/h2>\n<p>Voc\u00ea sabe o que \u00e9 uma trosoba? Trata-se de um \u00f3rg\u00e3o masculino acima do normal. E \u00e9, tamb\u00e9m, o que o Bolsonaro disse que o pessoal \u201caqui do lado [possivelmente o Supremo Tribunal Federal]\u201d iria querer empurrar para \u201ccima da gente [ele e os ministros]\u201d, durante reuni\u00e3o ministerial divulgada com autoriza\u00e7\u00e3o do STF.<\/p>\n<div class=\"m-banner-wrap m-publicity-content-middle\"><\/div>\n<p>Segundo o presidente, \u201ca desgra\u00e7a que tem pela frente \u2013 por conta da quarentena em decorr\u00eancia da pandemia do novo coronav\u00edrus \u2013 ser\u00e1 maior do que se possa imaginar\u201d. \u201cOs governos estaduais n\u00e3o tem como pagar sal\u00e1rio, maio, metade do Estado n\u00e3o tem como pagar. A desgra\u00e7a est\u00e1 a\u00ed\u201d, reclamou. E\u00a0mais: \u201cV\u00e3o querer empurrar essa trosoba pra cima da gente, esse pessoal aqui do lado [o Supremo] e a gente vai reagir. Aqui n\u00e3o \u00e9 saco sem fundo.\u201d<\/p>\n<h2>Ditadura no Brasil<\/h2>\n<p>Em outro momento, Bolsonaro diz, ainda, que \u00e9 muito f\u00e1cil \u201cfazer uma ditadura no Brasil\u201d. \u201cSe eu fosse ditador, eu estaria desarmando a popula\u00e7\u00e3o como foi feito anteriormente. Eu quero todo mundo armado. O povo armado jamais ser\u00e1 escravizado\u201d, afirma.<\/p>\n<p>Logo depois, ele manda um recado aos ministros presentes: \u201cQuem n\u00e3o aceitar as minhas bandeiras como a fam\u00edlia, Deus, Brasil, Armamento, livre mercado, liberdade de express\u00e3o, est\u00e1 no governo errado\u201d, afirma.<\/p>\n<h2>Prefeitos e governadores<\/h2>\n<p>O presidente tamb\u00e9m se refere aos prefeitos que ganharam autonomia para tomar decis\u00f5es sobre o combate \u00e0 pandemia como \u201cbosta\u201d. O mesmo termo foi direcionado ao governador de S\u00e3o Paulo, Jo\u00e3o D\u00f3ria (PSDB). O chefe do Executivo do Rio de Janeiro, Wilson Witzel (PSC), ele chamou de \u201cestrume\u201d.<\/p>\n<p>\u201d Os caras querem a nossa hemorroida. Esse bosta do governador de S\u00e3o Paulo, esse estrume do governador do Rio, o bosta de um prefeito de Manaus\u201d, diz.<\/p>\n<p>A ministra da Mulher, da Fam\u00edlia e do Meio Ambiente,\u00a0<strong>Damares Alves<\/strong>, afirmou que vai pedir a pris\u00e3o de governadores ap\u00f3s a pandemia, al\u00e9m de criticar o STF. \u201cNeste momento de pandemia a gente t\u00e1 vendo a\u00ed a palha\u00e7ada do STF trazer o aborto de novo para a pauta, e l\u00e1 tava a quest\u00e3o de \u2026 As mulheres que s\u00e3o v\u00edtima do zika v\u00edrus v\u00e3o abortar, e agora vem do coronav\u00edrus? Ser\u00e1 que v\u00e3o querer liberar que todos que tiveram coronav\u00edrus poder\u00e3o abortar no Brasil? V\u00e3o liberar geral?\u201d, questiona.<\/p>\n","protected":false},"excerpt":{"rendered":"<p>Ap\u00f3s autoriza\u00e7\u00e3o do ministro do\u00a0Supremo Tribunal Federal (STF),\u00a0Celso de Melo, o v\u00eddeo que o\u00a0ex-ministro da Justi\u00e7a e Seguran\u00e7a P\u00fablica,\u00a0S\u00e9rgio Moro, aponta ser a prova que o presidente\u00a0Jair Bolsonaro (sem partido)\u00a0teria interferido na troca da superintend\u00eancia da Pol\u00edcia Federal foi liberado. Vale ressaltar que duas partes da reuni\u00e3o do \u00faltimo dia 22 de abril foram exclu\u00eddas &hellip;<\/p>\n","protected":false},"author":3,"featured_media":53507,"comment_status":"open","ping_status":"open","sticky":false,"template":"","format":"standard","meta":{"_exactmetrics_skip_tracking":false,"_exactmetrics_sitenote_active":false,"_exactmetrics_sitenote_note":"","_exactmetrics_sitenote_category":0,"footnotes":""},"categories":[19],"tags":[],"_links":{"self":[{"href":"https:\/\/goiasemtempo.com.br\/home\/wp-json\/wp\/v2\/posts\/53506"}],"collection":[{"href":"https:\/\/goiasemtempo.com.br\/home\/wp-json\/wp\/v2\/posts"}],"about":[{"href":"https:\/\/goiasemtempo.com.br\/home\/wp-json\/wp\/v2\/types\/post"}],"author":[{"embeddable":true,"href":"https:\/\/goiasemtempo.com.br\/home\/wp-json\/wp\/v2\/users\/3"}],"replies":[{"embeddable":true,"href":"https:\/\/goiasemtempo.com.br\/home\/wp-json\/wp\/v2\/comments?post=53506"}],"version-history":[{"count":1,"href":"https:\/\/goiasemtempo.com.br\/home\/wp-json\/wp\/v2\/posts\/53506\/revisions"}],"predecessor-version":[{"id":53508,"href":"https:\/\/goiasemtempo.com.br\/home\/wp-json\/wp\/v2\/posts\/53506\/revisions\/53508"}],"wp:featuredmedia":[{"embeddable":true,"href":"https:\/\/goiasemtempo.com.br\/home\/wp-json\/wp\/v2\/media\/53507"}],"wp:attachment":[{"href":"https:\/\/goiasemtempo.com.br\/home\/wp-json\/wp\/v2\/media?parent=53506"}],"wp:term":[{"taxonomy":"category","embeddable":true,"href":"https:\/\/goiasemtempo.com.br\/home\/wp-json\/wp\/v2\/categories?post=53506"},{"taxonomy":"post_tag","embeddable":true,"href":"https:\/\/goiasemtempo.com.br\/home\/wp-json\/wp\/v2\/tags?post=53506"}],"curies":[{"name":"wp","href":"https:\/\/api.w.org\/{rel}","templated":true}]}}