{"id":53486,"date":"2020-05-18T15:49:53","date_gmt":"2020-05-18T15:49:53","guid":{"rendered":"http:\/\/goiasemtempo.com.br\/home\/?p=53486"},"modified":"2020-05-18T15:49:53","modified_gmt":"2020-05-18T15:49:53","slug":"governo-concede-registro-para-cubanos-reintegrarem-o-mais-medico","status":"publish","type":"post","link":"https:\/\/goiasemtempo.com.br\/home\/governo-concede-registro-para-cubanos-reintegrarem-o-mais-medico\/","title":{"rendered":"Governo concede registro para cubanos reintegrarem o Mais M\u00e9dico"},"content":{"rendered":"<div class=\"post-item-wrap\">\n<p>O Minist\u00e9rio da Sa\u00fade publicou no<em>\u00a0Di\u00e1rio Oficial da Uni\u00e3o<\/em>\u00a0de hoje (18) a lista de m\u00e9dicos cubanos que ser\u00e3o reincorporados ao programa Mais M\u00e9dicos.<\/p>\n<p>De acordo com a Portaria n\u00ba 31, por meio da Secretaria de Aten\u00e7\u00e3o Prim\u00e1ria \u00e0 Sa\u00fade ser\u00e1 concedido registro \u00fanico para o exerc\u00edcio da medicina, no \u00e2mbito do projeto, aos m\u00e9dicos cubanos \u201creincorporados em 1\u00aa chamada do Edital n\u00ba 9 de 26 de mar\u00e7o de 2020\u201d.<\/p>\n<p>Para acessar a portaria com a lista dos m\u00e9dicos cubanos, bem como a localidade e a data em que as atividades ser\u00e3o iniciadas,\u00a0<a href=\"http:\/\/www.in.gov.br\/web\/dou\/-\/portaria-n-31-de-15-de-maio-de-2020-2571983\" target=\"_blank\" rel=\"noopener\">clique aqui<\/a>.<\/p>\n<p>Em mar\u00e7o, o Minist\u00e9rio da Sa\u00fade informou que 7.167 m\u00e9dicos j\u00e1 haviam se inscrito no edital do Mais M\u00e9dico aberto para refor\u00e7ar as equipes de sa\u00fade em fun\u00e7\u00e3o da epidemia do\u00a0<a href=\"https:\/\/agenciabrasil.ebc.com.br\/saude\/noticia\/2020-03\/acompanhe-ao-vivo-brasil-tem-621-casos-confirmados-de-covid19-seis-mortes\" target=\"_blank\" rel=\"noopener\">novo coronav\u00edrus<\/a>\u00a0(covid-19). A previs\u00e3o anunciada foi de que at\u00e9 cinco chamadas seriam feitas, sendo que m\u00e9dicos cubanos poder\u00e3o ser convocados ap\u00f3s a 3\u00aa chamada.<\/p>\n<p>A pasta havia estimado um total de R$ 1,4 bilh\u00e3o em investimentos, e que esses profissionais poder\u00e3o atuar em mais de uma unidade de sa\u00fade, o que dever\u00e1 ser organizado pelas respectivas secretarias de sa\u00fade.<\/p>\n<p>Veja os\u00a0n\u00fameros da pandemia da\u00a0<a href=\"https:\/\/www.ebc.com.br\/numerosdecovid19\" target=\"_blank\" rel=\"noopener\">covid-19 no Brasil e no mundo aqui<\/a>.<\/p>\n<\/div>\n<p class=\"alt-font font-italic my-2 small text-info\">Edi\u00e7\u00e3o: Val\u00e9ria Aguiar<\/p>\n","protected":false},"excerpt":{"rendered":"<p>O Minist\u00e9rio da Sa\u00fade publicou no\u00a0Di\u00e1rio Oficial da Uni\u00e3o\u00a0de hoje (18) a lista de m\u00e9dicos cubanos que ser\u00e3o reincorporados ao programa Mais M\u00e9dicos. De acordo com a Portaria n\u00ba 31, por meio da Secretaria de Aten\u00e7\u00e3o Prim\u00e1ria \u00e0 Sa\u00fade ser\u00e1 concedido registro \u00fanico para o exerc\u00edcio da medicina, no \u00e2mbito do projeto, aos m\u00e9dicos cubanos &hellip;<\/p>\n","protected":false},"author":3,"featured_media":53487,"comment_status":"open","ping_status":"open","sticky":false,"template":"","format":"standard","meta":{"_exactmetrics_skip_tracking":false,"_exactmetrics_sitenote_active":false,"_exactmetrics_sitenote_note":"","_exactmetrics_sitenote_category":0,"footnotes":""},"categories":[16],"tags":[],"_links":{"self":[{"href":"https:\/\/goiasemtempo.com.br\/home\/wp-json\/wp\/v2\/posts\/53486"}],"collection":[{"href":"https:\/\/goiasemtempo.com.br\/home\/wp-json\/wp\/v2\/posts"}],"about":[{"href":"https:\/\/goiasemtempo.com.br\/home\/wp-json\/wp\/v2\/types\/post"}],"author":[{"embeddable":true,"href":"https:\/\/goiasemtempo.com.br\/home\/wp-json\/wp\/v2\/users\/3"}],"replies":[{"embeddable":true,"href":"https:\/\/goiasemtempo.com.br\/home\/wp-json\/wp\/v2\/comments?post=53486"}],"version-history":[{"count":1,"href":"https:\/\/goiasemtempo.com.br\/home\/wp-json\/wp\/v2\/posts\/53486\/revisions"}],"predecessor-version":[{"id":53488,"href":"https:\/\/goiasemtempo.com.br\/home\/wp-json\/wp\/v2\/posts\/53486\/revisions\/53488"}],"wp:featuredmedia":[{"embeddable":true,"href":"https:\/\/goiasemtempo.com.br\/home\/wp-json\/wp\/v2\/media\/53487"}],"wp:attachment":[{"href":"https:\/\/goiasemtempo.com.br\/home\/wp-json\/wp\/v2\/media?parent=53486"}],"wp:term":[{"taxonomy":"category","embeddable":true,"href":"https:\/\/goiasemtempo.com.br\/home\/wp-json\/wp\/v2\/categories?post=53486"},{"taxonomy":"post_tag","embeddable":true,"href":"https:\/\/goiasemtempo.com.br\/home\/wp-json\/wp\/v2\/tags?post=53486"}],"curies":[{"name":"wp","href":"https:\/\/api.w.org\/{rel}","templated":true}]}}