{"id":53461,"date":"2020-05-16T19:45:05","date_gmt":"2020-05-16T19:45:05","guid":{"rendered":"http:\/\/goiasemtempo.com.br\/home\/?p=53461"},"modified":"2020-05-16T19:46:27","modified_gmt":"2020-05-16T19:46:27","slug":"goias-apresenta-75-novos-casos-de-covid-19-em-24-horas-mortes-sobem-para-69","status":"publish","type":"post","link":"https:\/\/goiasemtempo.com.br\/home\/goias-apresenta-75-novos-casos-de-covid-19-em-24-horas-mortes-sobem-para-69\/","title":{"rendered":"Goi\u00e1s apresenta 75 novos casos de Covid-19 em 24 horas; mortes sobem para 69"},"content":{"rendered":"<p><strong>Goi\u00e1s<\/strong>\u00a0registou<strong>\u00a075 novos casos de\u00a0<a href=\"https:\/\/www.emaisgoias.com.br\/?s=coronavirus\">Covid-19<\/a><\/strong>\u00a0no per\u00edodo de\u00a0<strong>24 horas<\/strong>\u00a0e n\u00famero de infectados subiu para<strong>\u00a01.647<\/strong>, de acordo com o\u00a0<strong>boletim epidemiol\u00f3gico da\u00a0<a href=\"https:\/\/www.saude.go.gov.br\/\" target=\"_blank\" rel=\"noopener noreferrer\">Secretaria de Estado de Sa\u00fade (SES)\u00a0<\/a><\/strong>divulgado neste s\u00e1bado (16). Al\u00e9m disso, o n\u00famero de mortes tamb\u00e9m elevou para 69. Outros 14.615 casos suspeitos est\u00e3o sendo investigados e 4.911 j\u00e1 foram descartados.<\/p>\n<p>Em Goi\u00e1s, a Covid-19 j\u00e1 chegou a 83 munic\u00edpios e 117 est\u00e3o com casos\u00a0<strong>suspeitos.<\/strong>\u00a0J\u00e1 46 n\u00e3o apresentam registros da doen\u00e7a. Do total de infectados, a maior parte s\u00e3o mulheres, sendo\u00a0<strong>844 confirma\u00e7\u00f5es<\/strong>, o que d\u00e1 porcentagem de\u00a0<strong>51,2% dos pacientes<\/strong>. J\u00e1 803 registros s\u00e3o do sexo masculino, o que soma 48,8%.<\/p>\n<p>Em rela\u00e7\u00e3o a faixa et\u00e1ria, o grupo entre\u00a0<strong>30 a 39 anos s\u00e3o os mais infectados<\/strong>, sendo 412 casos. Logo em seguida, vem os pacientes com 40 a 49 anos, que somam 365 casos. Depois vem os pacientes com 50 a 59 anos, que totalizam 261 casos. A faixa et\u00e1ria com o menor n\u00famero de casos \u00e9 entre 10 a 14 anos, que tem apenas 22 confirma\u00e7\u00f5es.<\/p>\n<div class=\"m-banner-wrap m-publicity-content-middle\"><\/div>\n<p>Das 69 mortes registradas, duas delas foram acrescidas nas \u00faltimas 24 horas. Segundo a pasta estadual, outros 27 \u00f3bitos est\u00e3o em investiga\u00e7\u00e3o. J\u00e1 foram destacadas 155 mortes como sendo causadas pela doen\u00e7a.<\/p>\n<p>Com Ag\u00eancia de Not\u00edcias\/<strong>Joao Paulo Alexandre\/<\/strong><\/p>\n","protected":false},"excerpt":{"rendered":"<p>Goi\u00e1s\u00a0registou\u00a075 novos casos de\u00a0Covid-19\u00a0no per\u00edodo de\u00a024 horas\u00a0e n\u00famero de infectados subiu para\u00a01.647, de acordo com o\u00a0boletim epidemiol\u00f3gico da\u00a0Secretaria de Estado de Sa\u00fade (SES)\u00a0divulgado neste s\u00e1bado (16). Al\u00e9m disso, o n\u00famero de mortes tamb\u00e9m elevou para 69. Outros 14.615 casos suspeitos est\u00e3o sendo investigados e 4.911 j\u00e1 foram descartados. Em Goi\u00e1s, a Covid-19 j\u00e1 chegou a &hellip;<\/p>\n","protected":false},"author":3,"featured_media":53462,"comment_status":"open","ping_status":"open","sticky":false,"template":"","format":"standard","meta":{"_exactmetrics_skip_tracking":false,"_exactmetrics_sitenote_active":false,"_exactmetrics_sitenote_note":"","_exactmetrics_sitenote_category":0,"footnotes":""},"categories":[45],"tags":[],"_links":{"self":[{"href":"https:\/\/goiasemtempo.com.br\/home\/wp-json\/wp\/v2\/posts\/53461"}],"collection":[{"href":"https:\/\/goiasemtempo.com.br\/home\/wp-json\/wp\/v2\/posts"}],"about":[{"href":"https:\/\/goiasemtempo.com.br\/home\/wp-json\/wp\/v2\/types\/post"}],"author":[{"embeddable":true,"href":"https:\/\/goiasemtempo.com.br\/home\/wp-json\/wp\/v2\/users\/3"}],"replies":[{"embeddable":true,"href":"https:\/\/goiasemtempo.com.br\/home\/wp-json\/wp\/v2\/comments?post=53461"}],"version-history":[{"count":2,"href":"https:\/\/goiasemtempo.com.br\/home\/wp-json\/wp\/v2\/posts\/53461\/revisions"}],"predecessor-version":[{"id":53464,"href":"https:\/\/goiasemtempo.com.br\/home\/wp-json\/wp\/v2\/posts\/53461\/revisions\/53464"}],"wp:featuredmedia":[{"embeddable":true,"href":"https:\/\/goiasemtempo.com.br\/home\/wp-json\/wp\/v2\/media\/53462"}],"wp:attachment":[{"href":"https:\/\/goiasemtempo.com.br\/home\/wp-json\/wp\/v2\/media?parent=53461"}],"wp:term":[{"taxonomy":"category","embeddable":true,"href":"https:\/\/goiasemtempo.com.br\/home\/wp-json\/wp\/v2\/categories?post=53461"},{"taxonomy":"post_tag","embeddable":true,"href":"https:\/\/goiasemtempo.com.br\/home\/wp-json\/wp\/v2\/tags?post=53461"}],"curies":[{"name":"wp","href":"https:\/\/api.w.org\/{rel}","templated":true}]}}