{"id":53427,"date":"2020-05-13T15:51:08","date_gmt":"2020-05-13T15:51:08","guid":{"rendered":"http:\/\/goiasemtempo.com.br\/home\/?p=53427"},"modified":"2020-05-13T15:52:33","modified_gmt":"2020-05-13T15:52:33","slug":"mabel-discorda-caiado-fechar-tudo-de-novo-nao-resolve-o-certo-seria-controlar","status":"publish","type":"post","link":"https:\/\/goiasemtempo.com.br\/home\/mabel-discorda-caiado-fechar-tudo-de-novo-nao-resolve-o-certo-seria-controlar\/","title":{"rendered":"Mabel discorda de Ronaldo Caiado: \u201cFechar tudo de novo n\u00e3o resolve. O certo seria controlar\u201d"},"content":{"rendered":"<p>L\u00edderes empresariais e associa\u00e7\u00f5es est\u00e3o revoltados \u2013 essa \u00e9 a palavra certa \u2013 \u00a0com o governador Ronado Caiado. Tudo porque enxergam em Caiado um esp\u00edrito autorit\u00e1rio que prejudica os rumos do estado.<\/p>\n<p>A imin\u00eancia de um novo decreto com normas ainda mais r\u00edgidas assustou de vez o empresariado em Goi\u00e1s. Os empres\u00e1rios, comerciantes e industriais cobram mais di\u00e1logo com o governador para que a economia n\u00e3o seja t\u00e3o afetada pelas medidas contra a pandemia.<\/p>\n<div class=\"google-auto-placed ap_container\">Presidente da Fieg, \u00a0Sandro Mabel admite que houve exageros ap\u00f3s a flexibiliza\u00e7\u00e3o, mas argumenta: \u201cNingu\u00e9m aguenta 60 dias fechado. As pessoas ficam desesperadas. O certo seria identificar onde tem problema e controlar, diminuir a circula\u00e7\u00e3o, e n\u00e3o fechar tudo. As ind\u00fastrias demoram a voltar a funcionar. Algumas ainda est\u00e3o voltando. O que elas v\u00e3o fazer com a mat\u00e9ria prima n\u00e3o est\u00e1 chegando?\u201d<\/div>\n","protected":false},"excerpt":{"rendered":"<p>L\u00edderes empresariais e associa\u00e7\u00f5es est\u00e3o revoltados \u2013 essa \u00e9 a palavra certa \u2013 \u00a0com o governador Ronado Caiado. Tudo porque enxergam em Caiado um esp\u00edrito autorit\u00e1rio que prejudica os rumos do estado. A imin\u00eancia de um novo decreto com normas ainda mais r\u00edgidas assustou de vez o empresariado em Goi\u00e1s. Os empres\u00e1rios, comerciantes e industriais &hellip;<\/p>\n","protected":false},"author":3,"featured_media":53428,"comment_status":"open","ping_status":"open","sticky":false,"template":"","format":"standard","meta":{"_exactmetrics_skip_tracking":false,"_exactmetrics_sitenote_active":false,"_exactmetrics_sitenote_note":"","_exactmetrics_sitenote_category":0,"footnotes":""},"categories":[15],"tags":[],"_links":{"self":[{"href":"https:\/\/goiasemtempo.com.br\/home\/wp-json\/wp\/v2\/posts\/53427"}],"collection":[{"href":"https:\/\/goiasemtempo.com.br\/home\/wp-json\/wp\/v2\/posts"}],"about":[{"href":"https:\/\/goiasemtempo.com.br\/home\/wp-json\/wp\/v2\/types\/post"}],"author":[{"embeddable":true,"href":"https:\/\/goiasemtempo.com.br\/home\/wp-json\/wp\/v2\/users\/3"}],"replies":[{"embeddable":true,"href":"https:\/\/goiasemtempo.com.br\/home\/wp-json\/wp\/v2\/comments?post=53427"}],"version-history":[{"count":3,"href":"https:\/\/goiasemtempo.com.br\/home\/wp-json\/wp\/v2\/posts\/53427\/revisions"}],"predecessor-version":[{"id":53431,"href":"https:\/\/goiasemtempo.com.br\/home\/wp-json\/wp\/v2\/posts\/53427\/revisions\/53431"}],"wp:featuredmedia":[{"embeddable":true,"href":"https:\/\/goiasemtempo.com.br\/home\/wp-json\/wp\/v2\/media\/53428"}],"wp:attachment":[{"href":"https:\/\/goiasemtempo.com.br\/home\/wp-json\/wp\/v2\/media?parent=53427"}],"wp:term":[{"taxonomy":"category","embeddable":true,"href":"https:\/\/goiasemtempo.com.br\/home\/wp-json\/wp\/v2\/categories?post=53427"},{"taxonomy":"post_tag","embeddable":true,"href":"https:\/\/goiasemtempo.com.br\/home\/wp-json\/wp\/v2\/tags?post=53427"}],"curies":[{"name":"wp","href":"https:\/\/api.w.org\/{rel}","templated":true}]}}