{"id":53378,"date":"2020-05-09T23:05:40","date_gmt":"2020-05-09T23:05:40","guid":{"rendered":"http:\/\/goiasemtempo.com.br\/home\/?p=53378"},"modified":"2020-05-09T23:05:40","modified_gmt":"2020-05-09T23:05:40","slug":"morre-o-cantor-carlos-josevitima-de-covid-19-aos-85-anos","status":"publish","type":"post","link":"https:\/\/goiasemtempo.com.br\/home\/morre-o-cantor-carlos-josevitima-de-covid-19-aos-85-anos\/","title":{"rendered":"Morre o cantor Carlos Jos\u00e9,v\u00edtima de Covid-19 aos 85 anos"},"content":{"rendered":"<p>Morreu, na manh\u00e3 deste s\u00e1bado (9\/5), o cantor\u00a0<strong>Carlos Jos\u00e9<\/strong>, vitima de Covid-19 aos 85 anos. Paulista, o artista iniciou a carreira como seresteiro, com temas rom\u00e2nticos, como \u201cEsmeralda\u201d, que fizeram sucesso nos anos 1960.<\/p>\n<p>Colega de nomes como Dolores Duran, Silvia Telles e Tito Madi, o cantor gostava de ser chamado de \u201co \u00faltimo seresteiro\u201d. Apesar de ter sido formado em Direito, nunca exerceu a profiss\u00e3o de advogado, j\u00e1 que a m\u00fasica se imp\u00f4s desde sempre na vida.<\/p>\n<p>A carreira art\u00edstica come\u00e7ou na d\u00e9cada de 1950, quando ganhou o pr\u00eamio Revela\u00e7\u00e3o por seu primeiro disco, com grava\u00e7\u00f5es de sambas-can\u00e7\u00e3o como \u201cOu\u00e7a\u201d, de Maysa, e \u201cFoi a noite\u201d, de Tom Jobim e Newton Mendon\u00e7a.<\/p>\n","protected":false},"excerpt":{"rendered":"<p>Morreu, na manh\u00e3 deste s\u00e1bado (9\/5), o cantor\u00a0Carlos Jos\u00e9, vitima de Covid-19 aos 85 anos. Paulista, o artista iniciou a carreira como seresteiro, com temas rom\u00e2nticos, como \u201cEsmeralda\u201d, que fizeram sucesso nos anos 1960. Colega de nomes como Dolores Duran, Silvia Telles e Tito Madi, o cantor gostava de ser chamado de \u201co \u00faltimo seresteiro\u201d. &hellip;<\/p>\n","protected":false},"author":3,"featured_media":53379,"comment_status":"open","ping_status":"open","sticky":false,"template":"","format":"standard","meta":{"_exactmetrics_skip_tracking":false,"_exactmetrics_sitenote_active":false,"_exactmetrics_sitenote_note":"","_exactmetrics_sitenote_category":0,"footnotes":""},"categories":[45],"tags":[],"_links":{"self":[{"href":"https:\/\/goiasemtempo.com.br\/home\/wp-json\/wp\/v2\/posts\/53378"}],"collection":[{"href":"https:\/\/goiasemtempo.com.br\/home\/wp-json\/wp\/v2\/posts"}],"about":[{"href":"https:\/\/goiasemtempo.com.br\/home\/wp-json\/wp\/v2\/types\/post"}],"author":[{"embeddable":true,"href":"https:\/\/goiasemtempo.com.br\/home\/wp-json\/wp\/v2\/users\/3"}],"replies":[{"embeddable":true,"href":"https:\/\/goiasemtempo.com.br\/home\/wp-json\/wp\/v2\/comments?post=53378"}],"version-history":[{"count":1,"href":"https:\/\/goiasemtempo.com.br\/home\/wp-json\/wp\/v2\/posts\/53378\/revisions"}],"predecessor-version":[{"id":53380,"href":"https:\/\/goiasemtempo.com.br\/home\/wp-json\/wp\/v2\/posts\/53378\/revisions\/53380"}],"wp:featuredmedia":[{"embeddable":true,"href":"https:\/\/goiasemtempo.com.br\/home\/wp-json\/wp\/v2\/media\/53379"}],"wp:attachment":[{"href":"https:\/\/goiasemtempo.com.br\/home\/wp-json\/wp\/v2\/media?parent=53378"}],"wp:term":[{"taxonomy":"category","embeddable":true,"href":"https:\/\/goiasemtempo.com.br\/home\/wp-json\/wp\/v2\/categories?post=53378"},{"taxonomy":"post_tag","embeddable":true,"href":"https:\/\/goiasemtempo.com.br\/home\/wp-json\/wp\/v2\/tags?post=53378"}],"curies":[{"name":"wp","href":"https:\/\/api.w.org\/{rel}","templated":true}]}}