{"id":53364,"date":"2020-05-08T21:41:46","date_gmt":"2020-05-08T21:41:46","guid":{"rendered":"http:\/\/goiasemtempo.com.br\/home\/?p=53364"},"modified":"2020-05-08T21:41:46","modified_gmt":"2020-05-08T21:41:46","slug":"agu-pede-que-moraes-volte-a-sua-decisao-que-impediu-nomeacao-na-pf","status":"publish","type":"post","link":"https:\/\/goiasemtempo.com.br\/home\/agu-pede-que-moraes-volte-a-sua-decisao-que-impediu-nomeacao-na-pf\/","title":{"rendered":"AGU pede que Moraes volte a sua decis\u00e3o que impediu nomea\u00e7\u00e3o na PF"},"content":{"rendered":"<div class=\"post-item-wrap\">\n<p>A Advocacia-Geral da Uni\u00e3o (AGU) pediu\u00a0hoje\u00a0(8) que o ministro Alexandre de Moraes, do Supremo Tribunal Federal (STF), reconsidere a decis\u00e3o que suspendeu\u00a0o\u00a0decreto de\u00a0nomea\u00e7\u00e3o\u00a0e a posse do delegado Alexandre Ramagem como novo diretor-geral da Pol\u00edcia Federal (PF) no m\u00eas passado.<\/p>\n<p>Ao suspender a nomea\u00e7\u00e3o, Moraes atendeu a um pedido feito pelo PDT por meio de um mandado de seguran\u00e7a. Na decis\u00e3o, o ministro citou declara\u00e7\u00f5es do ex-ministro da Justi\u00e7a e Seguran\u00e7a P\u00fablica Sergio Moro\u00a0que, ao\u00a0deixar o cargo,\u00a0<a href=\"https:\/\/agenciabrasil.ebc.com.br\/politica\/noticia\/2020-04\/sergio-moro-confirma-saida-do-ministerio-da-justica\" target=\"_blank\" rel=\"noopener\">acusou o presidente Jair Bolsonaro de tentar interferir politicamente na PF<\/a>.<\/p>\n<p>Na peti\u00e7\u00e3o, a AGU sustenta que n\u00e3o h\u00e1 provas da suposta interfer\u00eancia e, dessa forma, a nomea\u00e7\u00e3o deve ser liberada para que o presidente da Rep\u00fablica possa exercer suas prerrogativas e indicar novamente Ramagem para a dire\u00e7\u00e3o da PF.<\/p>\n<p>\u201cA alegada inten\u00e7\u00e3o de interfer\u00eancia il\u00edcita em investiga\u00e7\u00f5es da Pol\u00edcia Federal requer demonstra\u00e7\u00e3o material concreta, isto \u00e9, a indica\u00e7\u00e3o de atos diretivos e concatenados que n\u00e3o deixem d\u00favida acerca da abusiva intromiss\u00e3o. N\u00e3o h\u00e1 quaisquer provas nos autos que contemplem alguma ordem presidencial voltada a manipular ou a fraudar investiga\u00e7\u00e3o da Pol\u00edcia Federal\u201d,\u00a0diz a AGU.<\/p>\n<p>Desde a exonera\u00e7\u00e3o de Moro, o presidente nega que tenha pedido para o ent\u00e3o ministro interferir em investiga\u00e7\u00f5es da PF.<\/p>\n<\/div>\n<p class=\"alt-font font-italic my-2 small text-info\">Edi\u00e7\u00e3o: L\u00edlian Beraldo<\/p>\n","protected":false},"excerpt":{"rendered":"<p>A Advocacia-Geral da Uni\u00e3o (AGU) pediu\u00a0hoje\u00a0(8) que o ministro Alexandre de Moraes, do Supremo Tribunal Federal (STF), reconsidere a decis\u00e3o que suspendeu\u00a0o\u00a0decreto de\u00a0nomea\u00e7\u00e3o\u00a0e a posse do delegado Alexandre Ramagem como novo diretor-geral da Pol\u00edcia Federal (PF) no m\u00eas passado. Ao suspender a nomea\u00e7\u00e3o, Moraes atendeu a um pedido feito pelo PDT por meio de um &hellip;<\/p>\n","protected":false},"author":3,"featured_media":53365,"comment_status":"open","ping_status":"open","sticky":false,"template":"","format":"standard","meta":{"_exactmetrics_skip_tracking":false,"_exactmetrics_sitenote_active":false,"_exactmetrics_sitenote_note":"","_exactmetrics_sitenote_category":0,"footnotes":""},"categories":[26],"tags":[],"_links":{"self":[{"href":"https:\/\/goiasemtempo.com.br\/home\/wp-json\/wp\/v2\/posts\/53364"}],"collection":[{"href":"https:\/\/goiasemtempo.com.br\/home\/wp-json\/wp\/v2\/posts"}],"about":[{"href":"https:\/\/goiasemtempo.com.br\/home\/wp-json\/wp\/v2\/types\/post"}],"author":[{"embeddable":true,"href":"https:\/\/goiasemtempo.com.br\/home\/wp-json\/wp\/v2\/users\/3"}],"replies":[{"embeddable":true,"href":"https:\/\/goiasemtempo.com.br\/home\/wp-json\/wp\/v2\/comments?post=53364"}],"version-history":[{"count":1,"href":"https:\/\/goiasemtempo.com.br\/home\/wp-json\/wp\/v2\/posts\/53364\/revisions"}],"predecessor-version":[{"id":53366,"href":"https:\/\/goiasemtempo.com.br\/home\/wp-json\/wp\/v2\/posts\/53364\/revisions\/53366"}],"wp:featuredmedia":[{"embeddable":true,"href":"https:\/\/goiasemtempo.com.br\/home\/wp-json\/wp\/v2\/media\/53365"}],"wp:attachment":[{"href":"https:\/\/goiasemtempo.com.br\/home\/wp-json\/wp\/v2\/media?parent=53364"}],"wp:term":[{"taxonomy":"category","embeddable":true,"href":"https:\/\/goiasemtempo.com.br\/home\/wp-json\/wp\/v2\/categories?post=53364"},{"taxonomy":"post_tag","embeddable":true,"href":"https:\/\/goiasemtempo.com.br\/home\/wp-json\/wp\/v2\/tags?post=53364"}],"curies":[{"name":"wp","href":"https:\/\/api.w.org\/{rel}","templated":true}]}}