{"id":53298,"date":"2020-05-05T02:42:50","date_gmt":"2020-05-05T02:42:50","guid":{"rendered":"http:\/\/goiasemtempo.com.br\/home\/?p=53298"},"modified":"2020-05-05T02:45:13","modified_gmt":"2020-05-05T02:45:13","slug":"quadrilha-que-roubou-quase-1-milhao-do-banco-do-brasil-de-anapolis-e-presa-no-df","status":"publish","type":"post","link":"https:\/\/goiasemtempo.com.br\/home\/quadrilha-que-roubou-quase-1-milhao-do-banco-do-brasil-de-anapolis-e-presa-no-df\/","title":{"rendered":"Quadrilha que roubou quase R$-1 milh\u00e3o do Banco do Brasil de An\u00e1polis \u00e9 presa no DF"},"content":{"rendered":"<div>A\u00a0<strong>Pol\u00edcia Civil<\/strong>\u00a0cumpriu cinco mandados de pris\u00e3o contra funcion\u00e1rios terceirizados de uma institui\u00e7\u00e3o financeira na madrugada desta segunda-feira (4\/5). O grupo \u00e9 suspeito de facilitar ataques a cofres de\u00a0<strong>bancos<\/strong>, desativando os sistemas de alarme ou retardando o tratamento do sinistro e o acionamento da pol\u00edcia.<\/div>\n<div><\/div>\n<div>Por meio da\u00a0<strong>Opera\u00e7\u00e3o Sentinela<\/strong>, a Coordena\u00e7\u00e3o de Repress\u00e3o aos Crimes Patrimoniais (Corpatri) cumpriu mandados de busca e apreens\u00e3o em im\u00f3veis na Asa Sul, Asa Norte, Ceil\u00e2ndia, Planaltina, S\u00e3o Sebasti\u00e3o, N\u00facleo Bandeirante e Sobradinho. Segundo investiga\u00e7\u00f5es, a organiza\u00e7\u00e3o criminosa agia h\u00e1 dois anos.<\/div>\n<div><\/div>\n<div>Todos os presos eram operadores terceirizados dos sistemas da institui\u00e7\u00e3o e trabalhavam no mesmo turno de plant\u00e3o, na sede do banco, em Bras\u00edlia. Os alvos da opera\u00e7\u00e3o foram presos na institui\u00e7\u00e3o banc\u00e1ria, no in\u00edcio desta manh\u00e3, no fim do turno. Nenhum deles t\u00eam antecedente criminal.<\/div>\n<div><\/div>\n<div class=\"col-xs-12 ads ads__with-bg hidden-print p-0 mt-25 mb-25\">\n<div id=\"cb-publicidade-retangulo-interna\" data-ads-callback=\"event.isEmpty &amp;&amp; (elmtg.parentNode.style.display = &quot;none&quot;)\">De acordo com a Divis\u00e3o de Comunica\u00e7\u00e3o da Pol\u00edcia Civil (Divicom), as investiga\u00e7\u00f5es come\u00e7aram em janeiro, ap\u00f3s o ataque a uma empresa localizada no Jardim Bot\u00e2nico. Os acusados renderam o vigilante com armas de fogo e levaram R$ 121 mil do cofre. Os integrantes do grupo s\u00e3o de Joinville (PR) e j\u00e1 cometeram crimes no Rio Grande do Sul, Santa Catarina, Paran\u00e1, Mato Grosso do Sul e Goi\u00e1s.<\/div>\n<\/div>\n<div><\/div>\n<div><strong>Pelo Brasil<\/strong><\/div>\n<div><\/div>\n<div>H\u00e1 alguns anos, os envolvidos mudaram-se para o Entorno do DF. Parte do grupo foi presa em 2013 pela Pol\u00edcia Civil do Mato Grosso so Sul. \u00c0 \u00e9poca, a organiza\u00e7\u00e3o criminosa ficou conhecida como\u00a0<em>Quadrilha Guarda Sol<\/em>, em raz\u00e3o da atua\u00e7\u00e3o com guarda-s\u00f3is, que burlam os sensores de presen\u00e7a.<\/div>\n<div><\/div>\n<div>Em 29 de novembro de 2019, em Teixeira de Freitas (BA), foi furtada a quantia aproximada de R$ 1 milh\u00e3o. Tr\u00eas dias depois, parte do grupo foi presa no Aeroporto de Porto Seguro (BA), com R$ 760 mil em v\u00e1rias malas. O segundo apoio ocorreu no ataque \u00e0 ag\u00eancia da Zona Industrial Tupy, em Joinville (SC), em 14 de abril deste ano. Na ocasi\u00e3o, tr\u00eas criminosas foram presos e o outro morreu em confronto com a pol\u00edcia.<\/div>\n<div><\/div>\n<div>A \u00faltima participa\u00e7\u00e3o do grupo ocorreu no ataque a uma ag\u00eancia banc\u00e1ria de An\u00e1polis (GO), em 24 de abril, quando foi furtada a quantia aproximada de R$ 924 mil. Todos foram presos preventivamente em raz\u00e3o do cumprimento de mandado judicial.<\/div>\n","protected":false},"excerpt":{"rendered":"<p>A\u00a0Pol\u00edcia Civil\u00a0cumpriu cinco mandados de pris\u00e3o contra funcion\u00e1rios terceirizados de uma institui\u00e7\u00e3o financeira na madrugada desta segunda-feira (4\/5). O grupo \u00e9 suspeito de facilitar ataques a cofres de\u00a0bancos, desativando os sistemas de alarme ou retardando o tratamento do sinistro e o acionamento da pol\u00edcia. Por meio da\u00a0Opera\u00e7\u00e3o Sentinela, a Coordena\u00e7\u00e3o de Repress\u00e3o aos Crimes Patrimoniais &hellip;<\/p>\n","protected":false},"author":3,"featured_media":53299,"comment_status":"open","ping_status":"open","sticky":false,"template":"","format":"standard","meta":{"_exactmetrics_skip_tracking":false,"_exactmetrics_sitenote_active":false,"_exactmetrics_sitenote_note":"","_exactmetrics_sitenote_category":0,"footnotes":""},"categories":[19],"tags":[],"_links":{"self":[{"href":"https:\/\/goiasemtempo.com.br\/home\/wp-json\/wp\/v2\/posts\/53298"}],"collection":[{"href":"https:\/\/goiasemtempo.com.br\/home\/wp-json\/wp\/v2\/posts"}],"about":[{"href":"https:\/\/goiasemtempo.com.br\/home\/wp-json\/wp\/v2\/types\/post"}],"author":[{"embeddable":true,"href":"https:\/\/goiasemtempo.com.br\/home\/wp-json\/wp\/v2\/users\/3"}],"replies":[{"embeddable":true,"href":"https:\/\/goiasemtempo.com.br\/home\/wp-json\/wp\/v2\/comments?post=53298"}],"version-history":[{"count":3,"href":"https:\/\/goiasemtempo.com.br\/home\/wp-json\/wp\/v2\/posts\/53298\/revisions"}],"predecessor-version":[{"id":53302,"href":"https:\/\/goiasemtempo.com.br\/home\/wp-json\/wp\/v2\/posts\/53298\/revisions\/53302"}],"wp:featuredmedia":[{"embeddable":true,"href":"https:\/\/goiasemtempo.com.br\/home\/wp-json\/wp\/v2\/media\/53299"}],"wp:attachment":[{"href":"https:\/\/goiasemtempo.com.br\/home\/wp-json\/wp\/v2\/media?parent=53298"}],"wp:term":[{"taxonomy":"category","embeddable":true,"href":"https:\/\/goiasemtempo.com.br\/home\/wp-json\/wp\/v2\/categories?post=53298"},{"taxonomy":"post_tag","embeddable":true,"href":"https:\/\/goiasemtempo.com.br\/home\/wp-json\/wp\/v2\/tags?post=53298"}],"curies":[{"name":"wp","href":"https:\/\/api.w.org\/{rel}","templated":true}]}}