{"id":52956,"date":"2020-03-21T21:01:46","date_gmt":"2020-03-21T21:01:46","guid":{"rendered":"http:\/\/goiasemtempo.com.br\/home\/?p=52956"},"modified":"2020-03-21T21:01:46","modified_gmt":"2020-03-21T21:01:46","slug":"entenda-a-diferenca-entre-covid-19-resfriado-e-gripe","status":"publish","type":"post","link":"https:\/\/goiasemtempo.com.br\/home\/entenda-a-diferenca-entre-covid-19-resfriado-e-gripe\/","title":{"rendered":"Entenda a diferen\u00e7a entre Covid-19, resfriado e gripe"},"content":{"rendered":"<p>O novo coronav\u00edrus (Covid-19) tem sintomas semelhantes a outras s\u00edndromes como resfriado e gripe. Por causa dessa condi\u00e7\u00e3o, muitas vezes pacientes podem se confundir em rela\u00e7\u00e3o \u00e0 sua condi\u00e7\u00e3o, o que pode gerar problemas, minimizando um cuidado necess\u00e1rio \u00e0 preven\u00e7\u00e3o contra a pandemia que assola o mundo e o Brasil.<\/p>\n<p>Para esclarecer as diferen\u00e7as, o Minist\u00e9rio da Sa\u00fade elaborou materiais de divulga\u00e7\u00e3o explicando cada uma das s\u00edndromes e como os sintomas se manifestam. No caso da febre, por exemplo, a ocorr\u00eancia dela \u00e9 comum em casos de Covid-19 e de gripe, mas rara em resfriados.<\/p>\n<p>Os espirros s\u00e3o comuns em resfriados, mas raros tanto em gripes quanto em Covid-19. O nariz entupido aparece frequentemente em resfriados, \u00e0s vezes em gripes e, raramente, em casos do novo coronav\u00edrus. A dor de cabe\u00e7a \u00e9 rara em resfriados, comum em gripes e pode surgir em infec\u00e7\u00f5es pelo novo coronav\u00edrus.<\/p>\n<p>Quando uma pessoa estiver com sintomas correspondentes \u00e0 Covid-19, \u00e9 importante seguir as\u00a0<a href=\"https:\/\/agenciabrasil.ebc.com.br\/saude\/noticia\/2020-03\/saiba-tudo-sobre-o-novo-coronavirus-e-covid-19\" target=\"_blank\" rel=\"noopener\">orienta\u00e7\u00f5es do Minist\u00e9rio da Sa\u00fade<\/a>\u00a0e procurar um posto de sa\u00fade para obter orienta\u00e7\u00e3o m\u00e9dica quanto \u00e0s medidas.<\/p>\n<p><img decoding=\"async\" src=\"https:\/\/imagens.ebc.com.br\/zF357BVMWpXVzLpIIQyKwkbZbdA=\/754x0\/smart\/https:\/\/agenciabrasil.ebc.com.br\/sites\/default\/files\/thumbnails\/image\/corona_sindromesrespiratorias.png?itok=AxCvuZn8\" alt=\"corona_sindromesrespiratorias\" \/><\/p>\n","protected":false},"excerpt":{"rendered":"<p>O novo coronav\u00edrus (Covid-19) tem sintomas semelhantes a outras s\u00edndromes como resfriado e gripe. Por causa dessa condi\u00e7\u00e3o, muitas vezes pacientes podem se confundir em rela\u00e7\u00e3o \u00e0 sua condi\u00e7\u00e3o, o que pode gerar problemas, minimizando um cuidado necess\u00e1rio \u00e0 preven\u00e7\u00e3o contra a pandemia que assola o mundo e o Brasil. Para esclarecer as diferen\u00e7as, o &hellip;<\/p>\n","protected":false},"author":3,"featured_media":52957,"comment_status":"open","ping_status":"open","sticky":false,"template":"","format":"standard","meta":{"_exactmetrics_skip_tracking":false,"_exactmetrics_sitenote_active":false,"_exactmetrics_sitenote_note":"","_exactmetrics_sitenote_category":0,"footnotes":""},"categories":[16],"tags":[],"_links":{"self":[{"href":"https:\/\/goiasemtempo.com.br\/home\/wp-json\/wp\/v2\/posts\/52956"}],"collection":[{"href":"https:\/\/goiasemtempo.com.br\/home\/wp-json\/wp\/v2\/posts"}],"about":[{"href":"https:\/\/goiasemtempo.com.br\/home\/wp-json\/wp\/v2\/types\/post"}],"author":[{"embeddable":true,"href":"https:\/\/goiasemtempo.com.br\/home\/wp-json\/wp\/v2\/users\/3"}],"replies":[{"embeddable":true,"href":"https:\/\/goiasemtempo.com.br\/home\/wp-json\/wp\/v2\/comments?post=52956"}],"version-history":[{"count":1,"href":"https:\/\/goiasemtempo.com.br\/home\/wp-json\/wp\/v2\/posts\/52956\/revisions"}],"predecessor-version":[{"id":52958,"href":"https:\/\/goiasemtempo.com.br\/home\/wp-json\/wp\/v2\/posts\/52956\/revisions\/52958"}],"wp:featuredmedia":[{"embeddable":true,"href":"https:\/\/goiasemtempo.com.br\/home\/wp-json\/wp\/v2\/media\/52957"}],"wp:attachment":[{"href":"https:\/\/goiasemtempo.com.br\/home\/wp-json\/wp\/v2\/media?parent=52956"}],"wp:term":[{"taxonomy":"category","embeddable":true,"href":"https:\/\/goiasemtempo.com.br\/home\/wp-json\/wp\/v2\/categories?post=52956"},{"taxonomy":"post_tag","embeddable":true,"href":"https:\/\/goiasemtempo.com.br\/home\/wp-json\/wp\/v2\/tags?post=52956"}],"curies":[{"name":"wp","href":"https:\/\/api.w.org\/{rel}","templated":true}]}}