{"id":52909,"date":"2020-03-16T19:59:02","date_gmt":"2020-03-16T19:59:02","guid":{"rendered":"http:\/\/goiasemtempo.com.br\/home\/?p=52909"},"modified":"2020-03-16T19:59:02","modified_gmt":"2020-03-16T19:59:02","slug":"justica-federal-em-goias-suspende-pericias-audiencias-e-atendimento-no-servico-de-atermacao","status":"publish","type":"post","link":"https:\/\/goiasemtempo.com.br\/home\/justica-federal-em-goias-suspende-pericias-audiencias-e-atendimento-no-servico-de-atermacao\/","title":{"rendered":"Justi\u00e7a Federal em Goi\u00e1s suspende per\u00edcias, audi\u00eancias e atendimento no servi\u00e7o de aterma\u00e7\u00e3o"},"content":{"rendered":"<p>Devido ao coronav\u00edrus, a Diretoria do Foro da Se\u00e7\u00e3o Judici\u00e1ria do Estado de Goi\u00e1s e coordenadoria dos Juizados Especiais Federais da Se\u00e7\u00e3o Judici\u00e1ria do Estado de Goi\u00e1s suspenderam, entre os dias 16 e 30 de mar\u00e7o, a realiza\u00e7\u00e3o de per\u00edcias, audi\u00eancias e atendimento no servi\u00e7o de aterma\u00e7\u00e3o no \u00e2mbito dos Juizados Especiais Federais.<\/p>\n<p>Tamb\u00e9m ficou determinado que magistrados e servidores, que se enquadrem em grupo de risco de contamina\u00e7\u00e3o pelo coronav\u00edrus, que entrem em regime de teletrabalho de 13 de mar\u00e7o a 30 de abril de 2020, podendo haver, se necess\u00e1rio, remanejamento tempor\u00e1rio de servidores.<\/p>\n<p>Conforme a Portaria 9935504, as unidades jurisdicionais e administrativas que tenham servidores colocados em teletrabalho dever\u00e3o funcionar com o m\u00ednimo de pessoas necess\u00e1rias no atendimento presencial, durante o per\u00edodo estabelecido, sem preju\u00edzo da adequada presta\u00e7\u00e3o dos servi\u00e7os, adotando-se todas as recomenda\u00e7\u00f5es previstas no documento.<\/p>\n<p>A portaria ainda estabelece que nos dias de sess\u00e3o de julgamento das Turmas Recursais da Justi\u00e7a Federal em Goi\u00e1s, ressalvada autoriza\u00e7\u00e3o dos respectivos presidentes, somente ter\u00e3o acesso \u00e0s sess\u00f5es as partes e os advogados dos processos inclu\u00eddos na pauta respectiva ou levados em mesa para julgamento.<\/p>\n","protected":false},"excerpt":{"rendered":"<p>Devido ao coronav\u00edrus, a Diretoria do Foro da Se\u00e7\u00e3o Judici\u00e1ria do Estado de Goi\u00e1s e coordenadoria dos Juizados Especiais Federais da Se\u00e7\u00e3o Judici\u00e1ria do Estado de Goi\u00e1s suspenderam, entre os dias 16 e 30 de mar\u00e7o, a realiza\u00e7\u00e3o de per\u00edcias, audi\u00eancias e atendimento no servi\u00e7o de aterma\u00e7\u00e3o no \u00e2mbito dos Juizados Especiais Federais. Tamb\u00e9m ficou &hellip;<\/p>\n","protected":false},"author":3,"featured_media":52910,"comment_status":"open","ping_status":"open","sticky":false,"template":"","format":"standard","meta":{"_exactmetrics_skip_tracking":false,"_exactmetrics_sitenote_active":false,"_exactmetrics_sitenote_note":"","_exactmetrics_sitenote_category":0,"footnotes":""},"categories":[26],"tags":[],"_links":{"self":[{"href":"https:\/\/goiasemtempo.com.br\/home\/wp-json\/wp\/v2\/posts\/52909"}],"collection":[{"href":"https:\/\/goiasemtempo.com.br\/home\/wp-json\/wp\/v2\/posts"}],"about":[{"href":"https:\/\/goiasemtempo.com.br\/home\/wp-json\/wp\/v2\/types\/post"}],"author":[{"embeddable":true,"href":"https:\/\/goiasemtempo.com.br\/home\/wp-json\/wp\/v2\/users\/3"}],"replies":[{"embeddable":true,"href":"https:\/\/goiasemtempo.com.br\/home\/wp-json\/wp\/v2\/comments?post=52909"}],"version-history":[{"count":1,"href":"https:\/\/goiasemtempo.com.br\/home\/wp-json\/wp\/v2\/posts\/52909\/revisions"}],"predecessor-version":[{"id":52911,"href":"https:\/\/goiasemtempo.com.br\/home\/wp-json\/wp\/v2\/posts\/52909\/revisions\/52911"}],"wp:featuredmedia":[{"embeddable":true,"href":"https:\/\/goiasemtempo.com.br\/home\/wp-json\/wp\/v2\/media\/52910"}],"wp:attachment":[{"href":"https:\/\/goiasemtempo.com.br\/home\/wp-json\/wp\/v2\/media?parent=52909"}],"wp:term":[{"taxonomy":"category","embeddable":true,"href":"https:\/\/goiasemtempo.com.br\/home\/wp-json\/wp\/v2\/categories?post=52909"},{"taxonomy":"post_tag","embeddable":true,"href":"https:\/\/goiasemtempo.com.br\/home\/wp-json\/wp\/v2\/tags?post=52909"}],"curies":[{"name":"wp","href":"https:\/\/api.w.org\/{rel}","templated":true}]}}