{"id":52906,"date":"2020-03-16T19:46:27","date_gmt":"2020-03-16T19:46:27","guid":{"rendered":"http:\/\/goiasemtempo.com.br\/home\/?p=52906"},"modified":"2020-03-16T19:46:27","modified_gmt":"2020-03-16T19:46:27","slug":"lei-de-goias-que-exclui-pessoas-com-deficiencias-auditivas-a-reserva-de-vagas-e-inconstitucional","status":"publish","type":"post","link":"https:\/\/goiasemtempo.com.br\/home\/lei-de-goias-que-exclui-pessoas-com-deficiencias-auditivas-a-reserva-de-vagas-e-inconstitucional\/","title":{"rendered":"Lei de Goi\u00e1s que exclui pessoas com defici\u00eancias auditivas \u00e0 reserva de vagas \u00e9 inconstitucional"},"content":{"rendered":"<p>O Plen\u00e1rio do Supremo Tribunal Federal (STF), em sess\u00e3o virtual, entendeu que \u00e9 inconstitucional a exclus\u00e3o de pessoas com defici\u00eancias auditivas pass\u00edveis de corre\u00e7\u00e3o (por meio de pr\u00f3tese, aparelho auditivo ou tratamento cl\u00ednico ou cir\u00fargico) do direito \u00e0 reserva de vagas no servi\u00e7o p\u00fablico de Goi\u00e1s.<\/p>\n<p>Por unanimidade, os ministros acompanharam o voto da relatora, ministra Rosa Weber, segundo o qual a legisla\u00e7\u00e3o sobre a prote\u00e7\u00e3o e a integra\u00e7\u00e3o social das pessoas com defici\u00eancia \u00e9 prevista na Constitui\u00e7\u00e3o como de compet\u00eancia concorrente entre a Uni\u00e3o e os estados (artigo 24, inciso XIV). A decis\u00e3o foi tomada no julgamento da A\u00e7\u00e3o Direta de Inconstitucionalidade (ADI) 4388, ajuizada pela Procuradoria-Geral da Rep\u00fablica.<\/p>\n<p>Segundo a ministra, a compet\u00eancia plena do estado \u00e9 permitida apenas na aus\u00eancia de legisla\u00e7\u00e3o federal que fixe as normas gerais.\u00a0No caso dos autos, no tempo da vig\u00eancia da Lei estadual 14.715\/2004, j\u00e1 estava em vigor a Lei Federal 7.853\/1989, regulamentada pelo Decreto 3.298\/1999, que disp\u00f5e sobre a Pol\u00edtica Nacional para a Integra\u00e7\u00e3o da Pessoa Portadora de Defici\u00eancia e estabelece as defini\u00e7\u00f5es de defici\u00eancia. Assim, n\u00e3o caberia \u00e0 norma estadual fazer concorr\u00eancia \u00e0 lei federal.<\/p>\n<p>A relatora assinalou que a lei estadual vai al\u00e9m do previsto no decreto e estabelece novos limites e defini\u00e7\u00f5es de forma indevida, com a imposi\u00e7\u00e3o de crit\u00e9rios restritivos que fragilizam o princ\u00edpio constitucional da isonomia e a prote\u00e7\u00e3o da dignidade humana. Ainda de acordo com a ministra Rosa Weber, a Conven\u00e7\u00e3o Internacional sobre os Direitos das Pessoas com Defici\u00eancia foi incorporada \u00e0 Constitui\u00e7\u00e3o Federal e, portanto, tem hierarquia constitucional.<\/p>\n<p><img decoding=\"async\" src=\"https:\/\/encrypted-tbn0.gstatic.com\/images?q=tbn%3AANd9GcTVChN92WJUeOGF6Qq6-IFW48PAcYpfpOfMg4Dzkw0SSnrAZ1x4\" alt=\"Resultado de imagem para deficiente auditivos goi\u00e1s\" \/><\/p>\n<p>Foi julgada inconstitucional a express\u00e3o \u201ce n\u00e3o pass\u00edvel de corre\u00e7\u00e3o com a utiliza\u00e7\u00e3o de pr\u00f3tese, aparelho auditivo, tratamento cl\u00ednico ou cir\u00fargico\u201d, contida no par\u00e1grafo 1\u00ba do artigo 3\u00b0 da lei estadual, e a integralidade do inciso I e parte do inciso II do artigo 4\u00ba, referente \u00e0 express\u00e3o \u201cou ainda que a perda causada por esta defici\u00eancia seja pass\u00edvel de corre\u00e7\u00e3o mediante a utiliza\u00e7\u00e3o de aparelhos corretivos\u201d.<\/p>\n<p>&nbsp;<\/p>\n","protected":false},"excerpt":{"rendered":"<p>O Plen\u00e1rio do Supremo Tribunal Federal (STF), em sess\u00e3o virtual, entendeu que \u00e9 inconstitucional a exclus\u00e3o de pessoas com defici\u00eancias auditivas pass\u00edveis de corre\u00e7\u00e3o (por meio de pr\u00f3tese, aparelho auditivo ou tratamento cl\u00ednico ou cir\u00fargico) do direito \u00e0 reserva de vagas no servi\u00e7o p\u00fablico de Goi\u00e1s. Por unanimidade, os ministros acompanharam o voto da relatora, &hellip;<\/p>\n","protected":false},"author":3,"featured_media":52907,"comment_status":"open","ping_status":"open","sticky":false,"template":"","format":"standard","meta":{"_exactmetrics_skip_tracking":false,"_exactmetrics_sitenote_active":false,"_exactmetrics_sitenote_note":"","_exactmetrics_sitenote_category":0,"footnotes":""},"categories":[19],"tags":[],"_links":{"self":[{"href":"https:\/\/goiasemtempo.com.br\/home\/wp-json\/wp\/v2\/posts\/52906"}],"collection":[{"href":"https:\/\/goiasemtempo.com.br\/home\/wp-json\/wp\/v2\/posts"}],"about":[{"href":"https:\/\/goiasemtempo.com.br\/home\/wp-json\/wp\/v2\/types\/post"}],"author":[{"embeddable":true,"href":"https:\/\/goiasemtempo.com.br\/home\/wp-json\/wp\/v2\/users\/3"}],"replies":[{"embeddable":true,"href":"https:\/\/goiasemtempo.com.br\/home\/wp-json\/wp\/v2\/comments?post=52906"}],"version-history":[{"count":1,"href":"https:\/\/goiasemtempo.com.br\/home\/wp-json\/wp\/v2\/posts\/52906\/revisions"}],"predecessor-version":[{"id":52908,"href":"https:\/\/goiasemtempo.com.br\/home\/wp-json\/wp\/v2\/posts\/52906\/revisions\/52908"}],"wp:featuredmedia":[{"embeddable":true,"href":"https:\/\/goiasemtempo.com.br\/home\/wp-json\/wp\/v2\/media\/52907"}],"wp:attachment":[{"href":"https:\/\/goiasemtempo.com.br\/home\/wp-json\/wp\/v2\/media?parent=52906"}],"wp:term":[{"taxonomy":"category","embeddable":true,"href":"https:\/\/goiasemtempo.com.br\/home\/wp-json\/wp\/v2\/categories?post=52906"},{"taxonomy":"post_tag","embeddable":true,"href":"https:\/\/goiasemtempo.com.br\/home\/wp-json\/wp\/v2\/tags?post=52906"}],"curies":[{"name":"wp","href":"https:\/\/api.w.org\/{rel}","templated":true}]}}