{"id":52900,"date":"2020-03-16T19:07:46","date_gmt":"2020-03-16T19:07:46","guid":{"rendered":"http:\/\/goiasemtempo.com.br\/home\/?p=52900"},"modified":"2020-03-16T19:07:46","modified_gmt":"2020-03-16T19:07:46","slug":"major-olimpio-e-doria-discutem-e-quase-saem-nos-tapas-vagabundo-video","status":"publish","type":"post","link":"https:\/\/goiasemtempo.com.br\/home\/major-olimpio-e-doria-discutem-e-quase-saem-nos-tapas-vagabundo-video\/","title":{"rendered":"Major Ol\u00edmpio e Doria discutem e quase saem nos tapas: &#8220;vagabundo&#8221; (v\u00eddeo)"},"content":{"rendered":"<p>Durante visita do governador de S\u00e3o Paulo, Jo\u00e3o Doria (PSDB), ao \u00a0Departamento de Opera\u00e7\u00f5es Policiais Estrat\u00e9gicas \u2013 DOPE na manh\u00e3 desta segunda-feira (16), o tucano e o senador Major Ol\u00edmpio tiveram uma discuss\u00e3o quente.<\/p>\n<p>N\u00e3o fossem os seguran\u00e7as do governador, Doria e Ol\u00edmpio teriam, provavelmente, se agredido fisicamente. Na confus\u00e3o, o senador chamou Doria de &#8220;vagabundo&#8221; e afirmou que ele estaria agindo como um moleque.<\/p>\n<div class=\"mc-column content-text active-extra-styles \" data-block-type=\"unstyled\" data-block-weight=\"46\" data-block-id=\"3\">\n<p class=\"content-text__container \" data-track-category=\"Link no Texto\" data-track-links=\"\">A confus\u00e3o come\u00e7ou quando o senador Major Ol\u00edmpio tentou interceptar o governador na chegada ao evento, sentando no carro oficial do governo e gritando palavras de ordem, ao lado do deputado federal Coronel Tadeu (PSL). Doria tinha uma agenda oficial agendada com os policiais do DOPE.<\/p>\n<\/div>\n<div class=\"mc-column content-text active-extra-styles \" data-block-type=\"unstyled\" data-block-weight=\"47\" data-block-id=\"4\">\n<p class=\"content-text__container \" data-track-category=\"Link no Texto\" data-track-links=\"\">Na vers\u00e3o do senador Major Ol\u00edmpio, o governador convocou os policiais para ficarem desde as 7h da manh\u00e3 para fazerem imagens com ele e, incomodados pela espera, os policiais teriam acionado o parlamentar, que foi para frente do DOPE acompanhado pelo deputado federal Coronel Tadeu (PSL).<\/p>\n<\/div>\n<div class=\"mc-column content-text active-extra-styles \" data-block-type=\"unstyled\" data-block-weight=\"31\" data-block-id=\"5\">\n<p class=\"content-text__container \" data-track-category=\"Link no Texto\" data-track-links=\"\">Pelos v\u00eddeos gravados por participantes do evento, o governador deixou o carro e decidiu entrar a p\u00e9 no evento depois que o carro foi interceptado, sendo perseguido pelo senador.\u201cFuj\u00e3o, fuj\u00e3o. Voc\u00ea n\u00e3o tem respeito\u201d, gritou o senador contra Jo\u00e3o Doria.<\/p>\n<\/div>\n<p>&nbsp;<\/p>\n<blockquote class=\"twitter-tweet\" data-width=\"550\" data-dnt=\"true\">\n<p lang=\"pt\" dir=\"ltr\">O <a href=\"https:\/\/twitter.com\/jdoriajr?ref_src=twsrc%5Etfw\">@jdoriajr<\/a> e o <a href=\"https:\/\/twitter.com\/majorolimpio?ref_src=twsrc%5Etfw\">@majorolimpio<\/a> quase sa\u00edram no tapa hoje em S\u00e3o Paulo <a href=\"https:\/\/t.co\/4ppmh3cq3R\">pic.twitter.com\/4ppmh3cq3R<\/a><\/p>\n<p>&mdash; Kallil Oliveira (@kallilolv) <a href=\"https:\/\/twitter.com\/kallilolv\/status\/1239588538917834753?ref_src=twsrc%5Etfw\">March 16, 2020<\/a><\/p><\/blockquote>\n<p><script async src=\"https:\/\/platform.twitter.com\/widgets.js\" charset=\"utf-8\"><\/script><\/p>\n<blockquote class=\"twitter-tweet\" data-width=\"550\" data-dnt=\"true\">\n<p lang=\"pt\" dir=\"ltr\">E o Jo\u00e3o Doria e o Major Ol\u00edmpio praticamente saindo no tapa hoje cedo aqui em S\u00e3o Paulo? Se os seguran\u00e7as do governador n\u00e3o entram em a\u00e7\u00e3o e seguram o senador, ele d\u00e1 uns tapas no Doria. <a href=\"https:\/\/t.co\/Je3b1nTIiO\">pic.twitter.com\/Je3b1nTIiO<\/a><\/p>\n<p>&mdash; William De Lucca (@delucca) <a href=\"https:\/\/twitter.com\/delucca\/status\/1239586693814071297?ref_src=twsrc%5Etfw\">March 16, 2020<\/a><\/p><\/blockquote>\n<p><script async src=\"https:\/\/platform.twitter.com\/widgets.js\" charset=\"utf-8\"><\/script><\/p>\n","protected":false},"excerpt":{"rendered":"<p>Durante visita do governador de S\u00e3o Paulo, Jo\u00e3o Doria (PSDB), ao \u00a0Departamento de Opera\u00e7\u00f5es Policiais Estrat\u00e9gicas \u2013 DOPE na manh\u00e3 desta segunda-feira (16), o tucano e o senador Major Ol\u00edmpio tiveram uma discuss\u00e3o quente. N\u00e3o fossem os seguran\u00e7as do governador, Doria e Ol\u00edmpio teriam, provavelmente, se agredido fisicamente. Na confus\u00e3o, o senador chamou Doria de &hellip;<\/p>\n","protected":false},"author":3,"featured_media":52901,"comment_status":"open","ping_status":"open","sticky":false,"template":"","format":"standard","meta":{"_exactmetrics_skip_tracking":false,"_exactmetrics_sitenote_active":false,"_exactmetrics_sitenote_note":"","_exactmetrics_sitenote_category":0,"footnotes":""},"categories":[4],"tags":[],"_links":{"self":[{"href":"https:\/\/goiasemtempo.com.br\/home\/wp-json\/wp\/v2\/posts\/52900"}],"collection":[{"href":"https:\/\/goiasemtempo.com.br\/home\/wp-json\/wp\/v2\/posts"}],"about":[{"href":"https:\/\/goiasemtempo.com.br\/home\/wp-json\/wp\/v2\/types\/post"}],"author":[{"embeddable":true,"href":"https:\/\/goiasemtempo.com.br\/home\/wp-json\/wp\/v2\/users\/3"}],"replies":[{"embeddable":true,"href":"https:\/\/goiasemtempo.com.br\/home\/wp-json\/wp\/v2\/comments?post=52900"}],"version-history":[{"count":1,"href":"https:\/\/goiasemtempo.com.br\/home\/wp-json\/wp\/v2\/posts\/52900\/revisions"}],"predecessor-version":[{"id":52902,"href":"https:\/\/goiasemtempo.com.br\/home\/wp-json\/wp\/v2\/posts\/52900\/revisions\/52902"}],"wp:featuredmedia":[{"embeddable":true,"href":"https:\/\/goiasemtempo.com.br\/home\/wp-json\/wp\/v2\/media\/52901"}],"wp:attachment":[{"href":"https:\/\/goiasemtempo.com.br\/home\/wp-json\/wp\/v2\/media?parent=52900"}],"wp:term":[{"taxonomy":"category","embeddable":true,"href":"https:\/\/goiasemtempo.com.br\/home\/wp-json\/wp\/v2\/categories?post=52900"},{"taxonomy":"post_tag","embeddable":true,"href":"https:\/\/goiasemtempo.com.br\/home\/wp-json\/wp\/v2\/tags?post=52900"}],"curies":[{"name":"wp","href":"https:\/\/api.w.org\/{rel}","templated":true}]}}