{"id":5280,"date":"2017-12-25T00:43:26","date_gmt":"2017-12-25T00:43:26","guid":{"rendered":"http:\/\/goiasemtempo.com.br\/home\/?p=5280"},"modified":"2017-12-25T00:43:26","modified_gmt":"2017-12-25T00:43:26","slug":"temer-comemora-decima-reducao-de-juros-seguida-em-seu-governo","status":"publish","type":"post","link":"https:\/\/goiasemtempo.com.br\/home\/temer-comemora-decima-reducao-de-juros-seguida-em-seu-governo\/","title":{"rendered":"Temer comemora d\u00e9cima redu\u00e7\u00e3o de juros seguida em seu governo"},"content":{"rendered":"<p>O presidente Michel Temer comemorou hoje (6) a redu\u00e7\u00e3o dos juros b\u00e1sicos da economia pela d\u00e9cima vez seguida em seu governo. O Comit\u00ea de Pol\u00edtica Monet\u00e1ria (Copom) reduziu a taxa Selic em 0,5 ponto percentual, de 7,5% ao ano para 7% ao ano. Em v\u00eddeo divulgado nas redes sociais, Temer relacionou a redu\u00e7\u00e3o dos juros ao trabalho de seu governo, indicando que \u201co Brasil est\u00e1 voltando aos trilhos\u201d.<\/p>\n<p>\u201cN\u00f3s temos essa boa not\u00edcia, fruto precisamente daquilo que o governo est\u00e1 fazendo ao longo do tempo e que \u00e9 em benef\u00edcio de voc\u00ea, consumidor, voc\u00ea que vive do trabalho, do cotidiano, do dia a dia. N\u00e3o posso deixar de comemorar com voc\u00ea essa decis\u00e3o do Banco Central, reveladora de que o Brasil est\u00e1 voltando aos trilhos\u201d, disse o presidente.<\/p>\n<p>No v\u00eddeo, Temer destaca que esta \u00e9 a d\u00e9cima redu\u00e7\u00e3o da Selic em seu governo e afirma que a medida vai facilitar a vida da popula\u00e7\u00e3o. \u201cCom esses juros fica mais f\u00e1cil para viver, para trabalhar, para comprar, para morar. Naturalmente, porque isso reduz tamb\u00e9m os juros de todo o sistema banc\u00e1rio\u201d.<\/p>\n<p>Menor n\u00edvel da hist\u00f3ria<\/p>\n<p>Com a redu\u00e7\u00e3o de hoje, a Selic atinge o menor n\u00edvel desde o in\u00edcio da s\u00e9rie hist\u00f3rica do Banco Central, em 1986. De outubro de 2012 a abril de 2013, a taxa foi mantida em 7,25% ao ano, anteriormente o n\u00edvel mais baixo da hist\u00f3ria, e passou a ser reajustada gradualmente at\u00e9 alcan\u00e7ar 14,25% ao ano em julho de 2015. Somente em outubro do ano passado, o Copom voltou a reduzir os juros b\u00e1sicos da economia.<\/p>\n","protected":false},"excerpt":{"rendered":"<p>O presidente Michel Temer comemorou hoje (6) a redu\u00e7\u00e3o dos juros b\u00e1sicos da economia pela d\u00e9cima vez seguida em seu governo. O Comit\u00ea de Pol\u00edtica Monet\u00e1ria (Copom) reduziu a taxa Selic em 0,5 ponto percentual, de 7,5% ao ano para 7% ao ano. Em v\u00eddeo divulgado nas redes sociais, Temer relacionou a redu\u00e7\u00e3o dos juros &hellip;<\/p>\n","protected":false},"author":2,"featured_media":2367,"comment_status":"open","ping_status":"open","sticky":false,"template":"","format":"standard","meta":{"footnotes":""},"categories":[4],"tags":[],"class_list":["post-5280","post","type-post","status-publish","format-standard","has-post-thumbnail","hentry","category-ultimas-noticias"],"_links":{"self":[{"href":"https:\/\/goiasemtempo.com.br\/home\/wp-json\/wp\/v2\/posts\/5280","targetHints":{"allow":["GET"]}}],"collection":[{"href":"https:\/\/goiasemtempo.com.br\/home\/wp-json\/wp\/v2\/posts"}],"about":[{"href":"https:\/\/goiasemtempo.com.br\/home\/wp-json\/wp\/v2\/types\/post"}],"author":[{"embeddable":true,"href":"https:\/\/goiasemtempo.com.br\/home\/wp-json\/wp\/v2\/users\/2"}],"replies":[{"embeddable":true,"href":"https:\/\/goiasemtempo.com.br\/home\/wp-json\/wp\/v2\/comments?post=5280"}],"version-history":[{"count":1,"href":"https:\/\/goiasemtempo.com.br\/home\/wp-json\/wp\/v2\/posts\/5280\/revisions"}],"predecessor-version":[{"id":5281,"href":"https:\/\/goiasemtempo.com.br\/home\/wp-json\/wp\/v2\/posts\/5280\/revisions\/5281"}],"wp:featuredmedia":[{"embeddable":true,"href":"https:\/\/goiasemtempo.com.br\/home\/wp-json\/wp\/v2\/media\/2367"}],"wp:attachment":[{"href":"https:\/\/goiasemtempo.com.br\/home\/wp-json\/wp\/v2\/media?parent=5280"}],"wp:term":[{"taxonomy":"category","embeddable":true,"href":"https:\/\/goiasemtempo.com.br\/home\/wp-json\/wp\/v2\/categories?post=5280"},{"taxonomy":"post_tag","embeddable":true,"href":"https:\/\/goiasemtempo.com.br\/home\/wp-json\/wp\/v2\/tags?post=5280"}],"curies":[{"name":"wp","href":"https:\/\/api.w.org\/{rel}","templated":true}]}}