{"id":52490,"date":"2020-01-29T01:10:08","date_gmt":"2020-01-29T01:10:08","guid":{"rendered":"http:\/\/goiasemtempo.com.br\/home\/?p=52490"},"modified":"2020-01-29T01:10:08","modified_gmt":"2020-01-29T01:10:08","slug":"brasil-tem-tres-casos-suspeitos-de-coronavirus-diz-ministro","status":"publish","type":"post","link":"https:\/\/goiasemtempo.com.br\/home\/brasil-tem-tres-casos-suspeitos-de-coronavirus-diz-ministro\/","title":{"rendered":"Brasil tem tr\u00eas casos suspeitos de coronav\u00edrus, diz ministro"},"content":{"rendered":"<p>O Minist\u00e9rio da Sa\u00fade confirmou no fim da tarde de hoje (28) que o Brasil tem tr\u00eas casos suspeitos de coronav\u00edrus. Al\u00e9m de uma estudante de 22 anos,\u00a0<a href=\"http:\/\/agenciabrasil.ebc.com.br\/saude\/noticia\/2020-01\/ministro-confirma-primeiro-caso-suspeito-de-coronavirus-no-Brasil\" target=\"_blank\" rel=\"noopener\">que est\u00e1 internada em Belo Horizonte<\/a>, mais duas pessoas t\u00eam suspeitas de portar o v\u00edrus. Uma delas est\u00e1 em Porto Alegre (RS) e outra em Curitiba (PR).<\/p>\n<p>Segundo o minist\u00e9rio, esses pacientes se enquadram na atual defini\u00e7\u00e3o de caso suspeito. Eles apresentaram febre e pelo menos um sinal ou sintoma respirat\u00f3rio; al\u00e9m de terem viajado para a China, pa\u00eds onde a contamina\u00e7\u00e3o teve in\u00edcio, nos \u00faltimos 14 dias. O minist\u00e9rio n\u00e3o ofereceu mais detalhes sobre os casos.<\/p>\n<p>Dados do minist\u00e9rio apresentados na manh\u00e3 desta ter\u00e7a-feira mostraram que, no per\u00edodo de 3 a 27 de janeiro, foram analisados 7.063 suspeitas de pessoas com coronav\u00edrus no Brasil. Desses, 127 exigiram a verifica\u00e7\u00e3o mais detalhada e apenas o caso da estudante em Belo Horizonte havia sido enquadrado como suspeita.<\/p>\n<p>Diante da epidemia que tem se espalhado rapidamente pela \u00c1sia e atingindo tamb\u00e9m pa\u00edses da Europa e da Am\u00e9rica do Norte, o minist\u00e9rio recomenda que os brasileiros evitem viagens \u00e0 China. O ministro Luiz Henrique Mandetta pediu para que as viagens apenas sejam realizadas se forem necess\u00e1rias.<\/p>\n<p>\u201cN\u00f3s desaconselhamos e n\u00e3o proibimos as viagens para a China. N\u00e3o se sabe, ainda, qual \u00e9 a caracter\u00edstica desse v\u00edrus que \u00e9 novo; sabemos que ele tem alta letalidade. N\u00e3o \u00e9 recomend\u00e1vel que a pessoa se exponha a uma situa\u00e7\u00e3o dessas e depois retorne ao Brasil e exponha mais pessoas. Recomendamos que, n\u00e3o sendo necess\u00e1rio, que n\u00e3o se fa\u00e7a viagens, at\u00e9 que o quadro todo esteja bem definido\u201d, disse durante entrevista \u00e0 imprensa.<\/p>\n<div class=\"edicao\">Edi\u00e7\u00e3o:\u00a0<span class=\"txtSaude\">F\u00e1bio Massalli<\/span><\/div>\n","protected":false},"excerpt":{"rendered":"<p>O Minist\u00e9rio da Sa\u00fade confirmou no fim da tarde de hoje (28) que o Brasil tem tr\u00eas casos suspeitos de coronav\u00edrus. Al\u00e9m de uma estudante de 22 anos,\u00a0que est\u00e1 internada em Belo Horizonte, mais duas pessoas t\u00eam suspeitas de portar o v\u00edrus. Uma delas est\u00e1 em Porto Alegre (RS) e outra em Curitiba (PR). Segundo &hellip;<\/p>\n","protected":false},"author":3,"featured_media":52491,"comment_status":"open","ping_status":"open","sticky":false,"template":"","format":"standard","meta":{"_exactmetrics_skip_tracking":false,"_exactmetrics_sitenote_active":false,"_exactmetrics_sitenote_note":"","_exactmetrics_sitenote_category":0,"footnotes":""},"categories":[16],"tags":[],"_links":{"self":[{"href":"https:\/\/goiasemtempo.com.br\/home\/wp-json\/wp\/v2\/posts\/52490"}],"collection":[{"href":"https:\/\/goiasemtempo.com.br\/home\/wp-json\/wp\/v2\/posts"}],"about":[{"href":"https:\/\/goiasemtempo.com.br\/home\/wp-json\/wp\/v2\/types\/post"}],"author":[{"embeddable":true,"href":"https:\/\/goiasemtempo.com.br\/home\/wp-json\/wp\/v2\/users\/3"}],"replies":[{"embeddable":true,"href":"https:\/\/goiasemtempo.com.br\/home\/wp-json\/wp\/v2\/comments?post=52490"}],"version-history":[{"count":1,"href":"https:\/\/goiasemtempo.com.br\/home\/wp-json\/wp\/v2\/posts\/52490\/revisions"}],"predecessor-version":[{"id":52492,"href":"https:\/\/goiasemtempo.com.br\/home\/wp-json\/wp\/v2\/posts\/52490\/revisions\/52492"}],"wp:featuredmedia":[{"embeddable":true,"href":"https:\/\/goiasemtempo.com.br\/home\/wp-json\/wp\/v2\/media\/52491"}],"wp:attachment":[{"href":"https:\/\/goiasemtempo.com.br\/home\/wp-json\/wp\/v2\/media?parent=52490"}],"wp:term":[{"taxonomy":"category","embeddable":true,"href":"https:\/\/goiasemtempo.com.br\/home\/wp-json\/wp\/v2\/categories?post=52490"},{"taxonomy":"post_tag","embeddable":true,"href":"https:\/\/goiasemtempo.com.br\/home\/wp-json\/wp\/v2\/tags?post=52490"}],"curies":[{"name":"wp","href":"https:\/\/api.w.org\/{rel}","templated":true}]}}