{"id":52433,"date":"2020-01-24T17:20:50","date_gmt":"2020-01-24T17:20:50","guid":{"rendered":"http:\/\/goiasemtempo.com.br\/home\/?p=52433"},"modified":"2020-01-24T17:21:31","modified_gmt":"2020-01-24T17:21:31","slug":"martim-cerere-abre-agenda-de-shows-de-2020-com-a-banda-scalene-de-brasilia","status":"publish","type":"post","link":"https:\/\/goiasemtempo.com.br\/home\/martim-cerere-abre-agenda-de-shows-de-2020-com-a-banda-scalene-de-brasilia\/","title":{"rendered":"Martim Cerer\u00ea abre agenda de shows de 2020 com a banda Scalene, de Bras\u00edlia"},"content":{"rendered":"<div class=\"single-content\">\n<p>O Centro Cultural Martim Cerer\u00ea, unidade da Secretaria de Cultura (Secult Goi\u00e1s), abre neste s\u00e1bado, 25 de janeiro, a agenda de shows de 2020, com o lan\u00e7amento do \u00e1lbum Respiro, da banda Scalene. O evento come\u00e7a \u00e0s 17 horas, e ter\u00e1 tamb\u00e9m a participa\u00e7\u00e3o dos cantores Manso e Chell.<\/p>\n<p>O disco Respiro \u00e9 fruto dos 11 anos de carreira da banda de stoner rock, de Bras\u00edlia, formada pelos m\u00fasicos Gustavo Bertoni (voz e guitarra), Tom\u00e1s Bertoni (guitarra e teclado sintetizador), Lucas Furtado (\u201cLuk\u00e3o\u201d \u2013 contrabaixo el\u00e9trico e sintetizador anal\u00f3gico), e Philipe \u201cMkk\u201d Nogueira (\u201cMakako\u201d \u2013 bateria). O show ter\u00e1 cl\u00e1ssicos da carreira e m\u00fasicas do disco novo.<\/p>\n<p>A Scalene j\u00e1 lan\u00e7ou quatro EPs, quatro \u00e1lbuns de est\u00fadio e um disco ao vivo. A banda participou da segunda temporada do reality show musical Superstar, da Rede Globo, onde terminou como vice-campe\u00e3. Foi vencedora do Grammy Latino de Melhor \u00c1lbum de Rock em L\u00edngua Portuguesa 2015\/2016 com o \u00e1lbum \u00c9ter, produzido por Lampadinha e Diego Marx.<\/p>\n<p><strong>Atra\u00e7\u00f5es<\/strong><\/p>\n<p>O cantor Manso ser\u00e1 a primeira atra\u00e7\u00e3o da noite. Ap\u00f3s conquistar os palcos de teatros e festivais regionais, ganha agora espa\u00e7o no cen\u00e1rio da m\u00fasica nacional. Com dez anos de carreira, o artista \u00e9 a nova aposta da TV Record. O m\u00fasico dedica seu talento nos g\u00eaneros pop, indie e folk.<\/p>\n<p>Na sequ\u00eancia, ser\u00e1 a vez da jovem Chell, ga\u00facha de 26 anos, goiana de cora\u00e7\u00e3o desde os 12. Chell iniciou sua carreira na internet, lan\u00e7ando covers e algumas m\u00fasicas autorais em seu canal no YouTube, que logo ganhou propor\u00e7\u00e3o e a apresentou ao grande p\u00fablico, que recebeu muito bem o primeiro trabalho. No Spotify, o EP de lan\u00e7amento j\u00e1 ultrapassa 1 milh\u00e3o de acessos.<\/p>\n<p>A banda Scalene fecha com o melhor do rock e muita energia para animar a galera.<\/p>\n<\/div>\n<footer>\n<div class=\"single-share\"><\/div>\n<\/footer>\n","protected":false},"excerpt":{"rendered":"<p>O Centro Cultural Martim Cerer\u00ea, unidade da Secretaria de Cultura (Secult Goi\u00e1s), abre neste s\u00e1bado, 25 de janeiro, a agenda de shows de 2020, com o lan\u00e7amento do \u00e1lbum Respiro, da banda Scalene. O evento come\u00e7a \u00e0s 17 horas, e ter\u00e1 tamb\u00e9m a participa\u00e7\u00e3o dos cantores Manso e Chell. O disco Respiro \u00e9 fruto dos &hellip;<\/p>\n","protected":false},"author":3,"featured_media":52434,"comment_status":"open","ping_status":"open","sticky":false,"template":"","format":"standard","meta":{"_exactmetrics_skip_tracking":false,"_exactmetrics_sitenote_active":false,"_exactmetrics_sitenote_note":"","_exactmetrics_sitenote_category":0,"footnotes":""},"categories":[32],"tags":[],"_links":{"self":[{"href":"https:\/\/goiasemtempo.com.br\/home\/wp-json\/wp\/v2\/posts\/52433"}],"collection":[{"href":"https:\/\/goiasemtempo.com.br\/home\/wp-json\/wp\/v2\/posts"}],"about":[{"href":"https:\/\/goiasemtempo.com.br\/home\/wp-json\/wp\/v2\/types\/post"}],"author":[{"embeddable":true,"href":"https:\/\/goiasemtempo.com.br\/home\/wp-json\/wp\/v2\/users\/3"}],"replies":[{"embeddable":true,"href":"https:\/\/goiasemtempo.com.br\/home\/wp-json\/wp\/v2\/comments?post=52433"}],"version-history":[{"count":1,"href":"https:\/\/goiasemtempo.com.br\/home\/wp-json\/wp\/v2\/posts\/52433\/revisions"}],"predecessor-version":[{"id":52435,"href":"https:\/\/goiasemtempo.com.br\/home\/wp-json\/wp\/v2\/posts\/52433\/revisions\/52435"}],"wp:featuredmedia":[{"embeddable":true,"href":"https:\/\/goiasemtempo.com.br\/home\/wp-json\/wp\/v2\/media\/52434"}],"wp:attachment":[{"href":"https:\/\/goiasemtempo.com.br\/home\/wp-json\/wp\/v2\/media?parent=52433"}],"wp:term":[{"taxonomy":"category","embeddable":true,"href":"https:\/\/goiasemtempo.com.br\/home\/wp-json\/wp\/v2\/categories?post=52433"},{"taxonomy":"post_tag","embeddable":true,"href":"https:\/\/goiasemtempo.com.br\/home\/wp-json\/wp\/v2\/tags?post=52433"}],"curies":[{"name":"wp","href":"https:\/\/api.w.org\/{rel}","templated":true}]}}