{"id":52411,"date":"2020-01-24T01:35:04","date_gmt":"2020-01-24T01:35:04","guid":{"rendered":"http:\/\/goiasemtempo.com.br\/home\/?p=52411"},"modified":"2020-01-24T01:35:04","modified_gmt":"2020-01-24T01:35:04","slug":"ninguem-melhor-do-que-regina-duarte-para-a-cultura-diz-bolsonaro","status":"publish","type":"post","link":"https:\/\/goiasemtempo.com.br\/home\/ninguem-melhor-do-que-regina-duarte-para-a-cultura-diz-bolsonaro\/","title":{"rendered":"Ningu\u00e9m melhor do que Regina Duarte para a Cultura, diz Bolsonaro"},"content":{"rendered":"<p>O presidente Jair Bolsonaro afirmou que &#8220;ningu\u00e9m melhor&#8221; do que a atriz Regina Duarte para assumir o cargo de secret\u00e1ria especial de Cultura do governo federal. A declara\u00e7\u00e3o foi dada em v\u00eddeo gravado pelo presidente e transmitido em sua p\u00e1gina no Facebook, na noite desta quinta-feira (23). Bolsonaro deixou o v\u00eddeo gravado porque, no hor\u00e1rio da transmiss\u00e3o, ele estaria\u00a0<a href=\"http:\/\/agenciabrasil.ebc.com.br\/politica\/noticia\/2020-01\/bolsonaro-embarca-hoje-para-visita-oficial-india\" target=\"_blank\" rel=\"noopener\">em viagem para a \u00cdndia<\/a>.<\/p>\n<p>&#8220;Ao que tudo indica, ela [Regina] aceitar\u00e1 [o convite]. Ela almo\u00e7ou comigo ontem (22) juntamente com um dos seus filhos. Regina Duarte, se vier, muito bem-vinda, ningu\u00e9m melhor do que voc\u00ea para desempenhar essa fun\u00e7\u00e3o&#8221;, disse o presidente.<\/p>\n<p>A atriz foi convidada pelo presidente para assumir o cargo de secret\u00e1ria especial da Cultura ap\u00f3s a exonera\u00e7\u00e3o do dramaturgo Roberto Alvim, na semana passada. A atriz declarou que est\u00e1 \u201cnoivando\u201d com o governo, mas ainda n\u00e3o confirmou se aceitar\u00e1 o convite. A resposta deve ser dada na pr\u00f3xima semana.<\/p>\n<div class=\"dnd-widget-wrapper context-cheio_8colunas type-image\">\n<div class=\"dnd-atom-rendered\">\n<figure class=\"mejs-fotoh-wrapper\"><img decoding=\"async\" class=\"img-responsive full full\" title=\"Live Bolsonaro 23.01.2020\" src=\"http:\/\/imagens.ebc.com.br\/lVI9gaOT1jo7KCLP3YFhdBgHd4c=\/754x0\/smart\/http:\/\/agenciabrasil.ebc.com.br\/sites\/default\/files\/thumbnails\/image\/live_bolsonaro_4.jpg?itok=XUsa4Lto\" alt=\"Live Bolsonaro 23.01.2020\" \/><\/figure>\n<\/div>\n<div class=\"dnd-caption-wrapper\">\n<h6 class=\"meta\">Presidente fez uma transmiss\u00e3o gravada nesta quinta-feira enquanto est\u00e1 em viagem para a \u00cdndia &#8211;\u00a0<strong>Live Bolsonaro 23.01.2020<\/strong><\/h6>\n<\/div>\n<\/div>\n<p>Regina Duarte passou os \u00faltimos dois dias em Bras\u00edlia conhecendo a estrutura da pasta. Ontem (22), ela almo\u00e7ou com o presidente no Pal\u00e1cio do Planalto e depois se se reuniu com os ministros Luiz Eduardo Ramos (Secretaria de Governo), Jorge Oliveira (Secretaria-Geral) e Marcelo \u00c1lvaro Ant\u00f4nio (Turismo). Ela ainda visitou a sede da Secretaria Especial de Cultura na Esplanada dos Minist\u00e9rios.<\/p>\n<p>&#8220;Estive com a Regina Duarte mais uma vez. Um encontro muito amistoso, bastante proveitoso. Ela est\u00e1 propensa a ser a nossa secret\u00e1ria de Cultura. N\u00f3s mostramos para ela o tamanho do gigantismo que \u00e9 a Cultura. Ela tem o equivalente a 13 subsecretarias abaixo dela, com centenas de pessoas. Agora, ela est\u00e1 muito bem disposta, est\u00e1 com est\u00e1 com g\u00e1s, est\u00e1 com vontade e quer colaborar. Se Deus quiser, vai dar tudo certo&#8221;, disse Bolsonaro.<\/p>\n","protected":false},"excerpt":{"rendered":"<p>O presidente Jair Bolsonaro afirmou que &#8220;ningu\u00e9m melhor&#8221; do que a atriz Regina Duarte para assumir o cargo de secret\u00e1ria especial de Cultura do governo federal. A declara\u00e7\u00e3o foi dada em v\u00eddeo gravado pelo presidente e transmitido em sua p\u00e1gina no Facebook, na noite desta quinta-feira (23). Bolsonaro deixou o v\u00eddeo gravado porque, no hor\u00e1rio &hellip;<\/p>\n","protected":false},"author":3,"featured_media":52412,"comment_status":"open","ping_status":"open","sticky":false,"template":"","format":"standard","meta":{"_exactmetrics_skip_tracking":false,"_exactmetrics_sitenote_active":false,"_exactmetrics_sitenote_note":"","_exactmetrics_sitenote_category":0,"footnotes":""},"categories":[4],"tags":[],"_links":{"self":[{"href":"https:\/\/goiasemtempo.com.br\/home\/wp-json\/wp\/v2\/posts\/52411"}],"collection":[{"href":"https:\/\/goiasemtempo.com.br\/home\/wp-json\/wp\/v2\/posts"}],"about":[{"href":"https:\/\/goiasemtempo.com.br\/home\/wp-json\/wp\/v2\/types\/post"}],"author":[{"embeddable":true,"href":"https:\/\/goiasemtempo.com.br\/home\/wp-json\/wp\/v2\/users\/3"}],"replies":[{"embeddable":true,"href":"https:\/\/goiasemtempo.com.br\/home\/wp-json\/wp\/v2\/comments?post=52411"}],"version-history":[{"count":1,"href":"https:\/\/goiasemtempo.com.br\/home\/wp-json\/wp\/v2\/posts\/52411\/revisions"}],"predecessor-version":[{"id":52413,"href":"https:\/\/goiasemtempo.com.br\/home\/wp-json\/wp\/v2\/posts\/52411\/revisions\/52413"}],"wp:featuredmedia":[{"embeddable":true,"href":"https:\/\/goiasemtempo.com.br\/home\/wp-json\/wp\/v2\/media\/52412"}],"wp:attachment":[{"href":"https:\/\/goiasemtempo.com.br\/home\/wp-json\/wp\/v2\/media?parent=52411"}],"wp:term":[{"taxonomy":"category","embeddable":true,"href":"https:\/\/goiasemtempo.com.br\/home\/wp-json\/wp\/v2\/categories?post=52411"},{"taxonomy":"post_tag","embeddable":true,"href":"https:\/\/goiasemtempo.com.br\/home\/wp-json\/wp\/v2\/tags?post=52411"}],"curies":[{"name":"wp","href":"https:\/\/api.w.org\/{rel}","templated":true}]}}