{"id":52408,"date":"2020-01-24T01:17:48","date_gmt":"2020-01-24T01:17:48","guid":{"rendered":"http:\/\/goiasemtempo.com.br\/home\/?p=52408"},"modified":"2020-01-24T01:17:48","modified_gmt":"2020-01-24T01:17:48","slug":"atlantica-comeca-operacao-no-hadisson-hotel-em-anapolis","status":"publish","type":"post","link":"https:\/\/goiasemtempo.com.br\/home\/atlantica-comeca-operacao-no-hadisson-hotel-em-anapolis\/","title":{"rendered":"Atlantica come\u00e7a opera\u00e7\u00e3o no Hadisson Hotel em An\u00e1polis"},"content":{"rendered":"<p>A Atlantica Hotels iniciou mesta ter\u00e7a-feira 21, a convers\u00e3o do Park Imperial An\u00e1polis para a marca Radisson. Primeiro hotel da marca Radisson no Centro-Oeste do Brasil, o empreendimento fica localizado no bairro Jundia\u00ed, no interior de Goi\u00e1s, e oferece aos h\u00f3spedes 106 apartamentos.<\/p>\n<p>\u201cA companhia tem apostado na expans\u00e3o em cidades que tem em torno de 300 mil a 400 mil habitantes com alto potencial de neg\u00f3cios, localizadas pr\u00f3ximo a capitais, como \u00e9 o caso de An\u00e1polis\u201d, diz Alexandre Barros, diretor de Opera\u00e7\u00f5es da Atlantica para as regi\u00f5es Sul e Centro-Oeste.<\/p>\n<p>O novo empreendimento j\u00e1 conta com arquitetura sofisticada, infraestrutura e paisagismo modernos, al\u00e9m de \u00e1reas de conviv\u00eancia com estrutura aconchegante. Divididos em 9 andares, seus apartamentos possuem metragens entre 24 m\u00b2 e 97 m\u00b2, indo da categoria Superior \u00e0 Su\u00edte Royal. Todos os quartos est\u00e3o equipados com ar-condicionado, secador de cabelo, amenities, TV LCD 32 polegadas a cabo, frigobar, mesa de trabalho e Wi-Fi.<\/p>\n<p>O hotel conta com quatro salas de reuni\u00e3o, restaurante de alta gastronomia, fitness center e estacionamento pr\u00f3prio. Localizado em frente ao Parque Ambiental Ipiranga, o Radisson Hotel An\u00e1polis possui \u00f3tima localiza\u00e7\u00e3o e f\u00e1cil deslocamento para pontos tur\u00edsticos e culturais da cidade, como a Catedral de Bom Jesus, o Museu Hist\u00f3rico Alderico Borges de Carvalho e o Teatro Municipal de An\u00e1polis.<\/p>\n","protected":false},"excerpt":{"rendered":"<p>A Atlantica Hotels iniciou mesta ter\u00e7a-feira 21, a convers\u00e3o do Park Imperial An\u00e1polis para a marca Radisson. Primeiro hotel da marca Radisson no Centro-Oeste do Brasil, o empreendimento fica localizado no bairro Jundia\u00ed, no interior de Goi\u00e1s, e oferece aos h\u00f3spedes 106 apartamentos. \u201cA companhia tem apostado na expans\u00e3o em cidades que tem em torno &hellip;<\/p>\n","protected":false},"author":3,"featured_media":52409,"comment_status":"open","ping_status":"open","sticky":false,"template":"","format":"standard","meta":{"footnotes":""},"categories":[18],"tags":[],"class_list":["post-52408","post","type-post","status-publish","format-standard","has-post-thumbnail","hentry","category-anapolis"],"_links":{"self":[{"href":"https:\/\/goiasemtempo.com.br\/home\/wp-json\/wp\/v2\/posts\/52408","targetHints":{"allow":["GET"]}}],"collection":[{"href":"https:\/\/goiasemtempo.com.br\/home\/wp-json\/wp\/v2\/posts"}],"about":[{"href":"https:\/\/goiasemtempo.com.br\/home\/wp-json\/wp\/v2\/types\/post"}],"author":[{"embeddable":true,"href":"https:\/\/goiasemtempo.com.br\/home\/wp-json\/wp\/v2\/users\/3"}],"replies":[{"embeddable":true,"href":"https:\/\/goiasemtempo.com.br\/home\/wp-json\/wp\/v2\/comments?post=52408"}],"version-history":[{"count":1,"href":"https:\/\/goiasemtempo.com.br\/home\/wp-json\/wp\/v2\/posts\/52408\/revisions"}],"predecessor-version":[{"id":52410,"href":"https:\/\/goiasemtempo.com.br\/home\/wp-json\/wp\/v2\/posts\/52408\/revisions\/52410"}],"wp:featuredmedia":[{"embeddable":true,"href":"https:\/\/goiasemtempo.com.br\/home\/wp-json\/wp\/v2\/media\/52409"}],"wp:attachment":[{"href":"https:\/\/goiasemtempo.com.br\/home\/wp-json\/wp\/v2\/media?parent=52408"}],"wp:term":[{"taxonomy":"category","embeddable":true,"href":"https:\/\/goiasemtempo.com.br\/home\/wp-json\/wp\/v2\/categories?post=52408"},{"taxonomy":"post_tag","embeddable":true,"href":"https:\/\/goiasemtempo.com.br\/home\/wp-json\/wp\/v2\/tags?post=52408"}],"curies":[{"name":"wp","href":"https:\/\/api.w.org\/{rel}","templated":true}]}}