{"id":52327,"date":"2020-01-17T22:30:36","date_gmt":"2020-01-17T22:30:36","guid":{"rendered":"http:\/\/goiasemtempo.com.br\/home\/?p=52327"},"modified":"2020-01-17T22:30:36","modified_gmt":"2020-01-17T22:30:36","slug":"regina-duarte-e-convidada-para-assumir-secretaria-de-cultura-de-bolsonaro","status":"publish","type":"post","link":"https:\/\/goiasemtempo.com.br\/home\/regina-duarte-e-convidada-para-assumir-secretaria-de-cultura-de-bolsonaro\/","title":{"rendered":"Regina Duarte \u00e9 convidada para assumir Secretaria de Cultura de Bolsonaro"},"content":{"rendered":"<p class=\"text\">Envolvida na pol\u00edtica, Regina Duarte ficou conhecida por ser uma das poucas vozes de direita no meio art\u00edstico. Cr\u00edtica ferrenha dos governos petistas, a atriz j\u00e1 chegou a\u00a0fazer propagandas para o PSDB e apoiou Bolsonaro nas \u00faltimas elei\u00e7\u00f5es.<\/p>\n<div id=\"ad-video-inread--wrapper\">\n<div id=\"ad-video-inread\" class=\"ad-video-inread\" data-google-query-id=\"CNf8tqfXi-cCFUh2wQodV7EGyg\">\n<div><\/div>\n<div id=\"google_ads_iframe_\/1211\/br.terra.news\/articles_4__container__\"><span style=\"font-size: 24px; font-weight: bold;\">Entenda a sa\u00edda de Alvim<\/span><\/div>\n<\/div>\n<\/div>\n<p class=\"text\">O presidente Jair\u00a0<strong>Bolsonaro\u00a0<\/strong>decidiu demitir o secret\u00e1rio de Cultura, Roberto Alvim, ap\u00f3s a pol\u00eamica refer\u00eancia ao nazismo em v\u00eddeo divulgado nas redes sociais. Bolsonaro classificou a declara\u00e7\u00e3o do agora ex-secret\u00e1rio como &#8220;infeliz&#8221; e disse que a sua perman\u00eancia ficou &#8220;insustent\u00e1vel&#8221;. O presidente afirmou ainda que\u00a0repudia &#8220;ideologias totalit\u00e1rias e genocidas&#8221; e citou como exeplo o\u00a0&#8220;nazismo&#8221; e o &#8220;comunismo&#8221;.<\/p>\n","protected":false},"excerpt":{"rendered":"<p>Envolvida na pol\u00edtica, Regina Duarte ficou conhecida por ser uma das poucas vozes de direita no meio art\u00edstico. Cr\u00edtica ferrenha dos governos petistas, a atriz j\u00e1 chegou a\u00a0fazer propagandas para o PSDB e apoiou Bolsonaro nas \u00faltimas elei\u00e7\u00f5es. Entenda a sa\u00edda de Alvim O presidente Jair\u00a0Bolsonaro\u00a0decidiu demitir o secret\u00e1rio de Cultura, Roberto Alvim, ap\u00f3s a &hellip;<\/p>\n","protected":false},"author":3,"featured_media":52328,"comment_status":"open","ping_status":"open","sticky":false,"template":"","format":"standard","meta":{"_exactmetrics_skip_tracking":false,"_exactmetrics_sitenote_active":false,"_exactmetrics_sitenote_note":"","_exactmetrics_sitenote_category":0,"footnotes":""},"categories":[32],"tags":[],"_links":{"self":[{"href":"https:\/\/goiasemtempo.com.br\/home\/wp-json\/wp\/v2\/posts\/52327"}],"collection":[{"href":"https:\/\/goiasemtempo.com.br\/home\/wp-json\/wp\/v2\/posts"}],"about":[{"href":"https:\/\/goiasemtempo.com.br\/home\/wp-json\/wp\/v2\/types\/post"}],"author":[{"embeddable":true,"href":"https:\/\/goiasemtempo.com.br\/home\/wp-json\/wp\/v2\/users\/3"}],"replies":[{"embeddable":true,"href":"https:\/\/goiasemtempo.com.br\/home\/wp-json\/wp\/v2\/comments?post=52327"}],"version-history":[{"count":1,"href":"https:\/\/goiasemtempo.com.br\/home\/wp-json\/wp\/v2\/posts\/52327\/revisions"}],"predecessor-version":[{"id":52329,"href":"https:\/\/goiasemtempo.com.br\/home\/wp-json\/wp\/v2\/posts\/52327\/revisions\/52329"}],"wp:featuredmedia":[{"embeddable":true,"href":"https:\/\/goiasemtempo.com.br\/home\/wp-json\/wp\/v2\/media\/52328"}],"wp:attachment":[{"href":"https:\/\/goiasemtempo.com.br\/home\/wp-json\/wp\/v2\/media?parent=52327"}],"wp:term":[{"taxonomy":"category","embeddable":true,"href":"https:\/\/goiasemtempo.com.br\/home\/wp-json\/wp\/v2\/categories?post=52327"},{"taxonomy":"post_tag","embeddable":true,"href":"https:\/\/goiasemtempo.com.br\/home\/wp-json\/wp\/v2\/tags?post=52327"}],"curies":[{"name":"wp","href":"https:\/\/api.w.org\/{rel}","templated":true}]}}