{"id":52235,"date":"2020-01-10T21:48:09","date_gmt":"2020-01-10T21:48:09","guid":{"rendered":"http:\/\/goiasemtempo.com.br\/home\/?p=52235"},"modified":"2020-01-10T21:48:09","modified_gmt":"2020-01-10T21:48:09","slug":"caiado-veta-criacao-de-fundo-especial-que-permite-judiciario-reaproveitar-recursos-nao-aplicados","status":"publish","type":"post","link":"https:\/\/goiasemtempo.com.br\/home\/caiado-veta-criacao-de-fundo-especial-que-permite-judiciario-reaproveitar-recursos-nao-aplicados\/","title":{"rendered":"Caiado veta cria\u00e7\u00e3o de fundo especial que permite Judici\u00e1rio reaproveitar recursos n\u00e3o aplicados"},"content":{"rendered":"<p>O governador Ronaldo Caiado (DEM) vetou integralmente um projeto de lei de autoria do Tribunal de Justi\u00e7a de Goi\u00e1s (TJGO), que propunha alterar a Lei n\u00b0 12.986, de 31 de dezembro de 1996, que institui o Fundo Especial de Reaparelhamento e Moderniza\u00e7\u00e3o do Poder Judici\u00e1rio. Com isso, seria agregado \u00e0 composi\u00e7\u00e3o do Fundo em quest\u00e3o o saldo financeiro positivo do duod\u00e9cimo.<\/p>\n<p>Diante da proposta, o governador disse que consultou a Procuradoria-Geral do Estado sobre o assunto. \u201cO que prev\u00ea \u00e9 que recursos financeiros oriundos do Tesouro e entregues ao Judici\u00e1rio para a finalidade espec\u00edfica de assegurar a execu\u00e7\u00e3o de despesas or\u00e7adas, em vez de retomarem ao Tesouro por n\u00e3o terem sido aplicados de acordo com a respectiva destina\u00e7\u00e3o sejam encaminhados ao fundo especial do pr\u00f3prio Judici\u00e1rio\u201d, explicou.<\/p>\n<p>Esta medida, segundo ele, assegura ao Judici\u00e1rio uma receita que \u201cn\u00e3o lhe \u00e9 devida\u201d. E continua: \u201cn\u00e3o se pode admitir que uma regra de car\u00e1ter permanente preveja que \u2018sobras\u2019 financeiras sejam aplicadas em desacordo com o pr\u00f3prio Or\u00e7amento ou com cr\u00e9dito adicional aberto para esse fim\u201d.<\/p>\n","protected":false},"excerpt":{"rendered":"<p>O governador Ronaldo Caiado (DEM) vetou integralmente um projeto de lei de autoria do Tribunal de Justi\u00e7a de Goi\u00e1s (TJGO), que propunha alterar a Lei n\u00b0 12.986, de 31 de dezembro de 1996, que institui o Fundo Especial de Reaparelhamento e Moderniza\u00e7\u00e3o do Poder Judici\u00e1rio. Com isso, seria agregado \u00e0 composi\u00e7\u00e3o do Fundo em quest\u00e3o &hellip;<\/p>\n","protected":false},"author":3,"featured_media":52236,"comment_status":"open","ping_status":"open","sticky":false,"template":"","format":"standard","meta":{"_exactmetrics_skip_tracking":false,"_exactmetrics_sitenote_active":false,"_exactmetrics_sitenote_note":"","_exactmetrics_sitenote_category":0,"footnotes":""},"categories":[15],"tags":[],"_links":{"self":[{"href":"https:\/\/goiasemtempo.com.br\/home\/wp-json\/wp\/v2\/posts\/52235"}],"collection":[{"href":"https:\/\/goiasemtempo.com.br\/home\/wp-json\/wp\/v2\/posts"}],"about":[{"href":"https:\/\/goiasemtempo.com.br\/home\/wp-json\/wp\/v2\/types\/post"}],"author":[{"embeddable":true,"href":"https:\/\/goiasemtempo.com.br\/home\/wp-json\/wp\/v2\/users\/3"}],"replies":[{"embeddable":true,"href":"https:\/\/goiasemtempo.com.br\/home\/wp-json\/wp\/v2\/comments?post=52235"}],"version-history":[{"count":1,"href":"https:\/\/goiasemtempo.com.br\/home\/wp-json\/wp\/v2\/posts\/52235\/revisions"}],"predecessor-version":[{"id":52237,"href":"https:\/\/goiasemtempo.com.br\/home\/wp-json\/wp\/v2\/posts\/52235\/revisions\/52237"}],"wp:featuredmedia":[{"embeddable":true,"href":"https:\/\/goiasemtempo.com.br\/home\/wp-json\/wp\/v2\/media\/52236"}],"wp:attachment":[{"href":"https:\/\/goiasemtempo.com.br\/home\/wp-json\/wp\/v2\/media?parent=52235"}],"wp:term":[{"taxonomy":"category","embeddable":true,"href":"https:\/\/goiasemtempo.com.br\/home\/wp-json\/wp\/v2\/categories?post=52235"},{"taxonomy":"post_tag","embeddable":true,"href":"https:\/\/goiasemtempo.com.br\/home\/wp-json\/wp\/v2\/tags?post=52235"}],"curies":[{"name":"wp","href":"https:\/\/api.w.org\/{rel}","templated":true}]}}