{"id":52180,"date":"2020-01-07T01:37:31","date_gmt":"2020-01-07T01:37:31","guid":{"rendered":"http:\/\/goiasemtempo.com.br\/home\/?p=52180"},"modified":"2020-01-07T01:37:31","modified_gmt":"2020-01-07T01:37:31","slug":"casal-e-encontrado-almocando-em-restaurante-apos-desaparecer-no-litoral","status":"publish","type":"post","link":"https:\/\/goiasemtempo.com.br\/home\/casal-e-encontrado-almocando-em-restaurante-apos-desaparecer-no-litoral\/","title":{"rendered":"Casal \u00e9 encontrado almo\u00e7ando em restaurante ap\u00f3s &#8216;desaparecer&#8217; no litoral"},"content":{"rendered":"<p>Um casal causou preocupa\u00e7\u00e3o<strong>\u00a0ap\u00f3s ficar dias sem entrar em contato com a fam\u00edlia ao passar o R\u00e9veillon em uma praia entre Bertioga e Guaruj\u00e1, no litoral paulista<\/strong>. Pietro Felipe Papini e Leticia Rodrigues Moraes de Lima, de 20 anos, \u201csumiram\u201d depois de virarem o ano na Praia Branca, endere\u00e7o conhecido por concentrar espa\u00e7os para acampamento. A hist\u00f3ria ganhou repercuss\u00e3o ap\u00f3s a m\u00e3e da jovem, Edneia Rodrigues, publicar um relato nas redes sociais sobre o caso.<\/p>\n<p>No s\u00e1bado (4), ela pediu ajuda pelo Facebook, em um post com a foto dos dois, falando sobre o desaparecimento ap\u00f3s o Ano Novo. Chegou a contatar a pol\u00edcia para notificar o sumi\u00e7o. Nesta segunda-feira (6), Edneia avisou que o casal foi encontrado. \u201cPessoal, o pai do Pietro encontrou os dois, gra\u00e7as a Deus est\u00e3o vivos\u00a0e muito bem, pois\u00a0<strong>estavam bem tranquilos em um restaurante na praia<\/strong>, estou indignada com tanta falta de considera\u00e7\u00e3o e respeito com as fam\u00edlias\u201d, disse.<\/p>\n<p>Segundo o\u00a0<em>G1<\/em>, a fam\u00edlia chegou a viajar para o litoral para procurar a dupla. A preocupa\u00e7\u00e3o aumentou porque Leticia teria avisado a m\u00e3e que voltaria no dia 1\u00ba, ap\u00f3s a virada. \u201cChegamos a combinar pelo telefone, quando ela me desejou feliz Ano Novo\u201d, contou para o site.<\/p>\n<p>\u201cVi no notici\u00e1rio que um casal foi encontrado morto. No desespero, a gente come\u00e7a a imaginar coisas. Estou muito aliviada por eles terem sido encontrados bem, mas muito chateada com a minha filha\u201d, contou Edneia.<\/p>\n","protected":false},"excerpt":{"rendered":"<p>Um casal causou preocupa\u00e7\u00e3o\u00a0ap\u00f3s ficar dias sem entrar em contato com a fam\u00edlia ao passar o R\u00e9veillon em uma praia entre Bertioga e Guaruj\u00e1, no litoral paulista. Pietro Felipe Papini e Leticia Rodrigues Moraes de Lima, de 20 anos, \u201csumiram\u201d depois de virarem o ano na Praia Branca, endere\u00e7o conhecido por concentrar espa\u00e7os para acampamento. &hellip;<\/p>\n","protected":false},"author":3,"featured_media":52181,"comment_status":"open","ping_status":"open","sticky":false,"template":"","format":"standard","meta":{"_exactmetrics_skip_tracking":false,"_exactmetrics_sitenote_active":false,"_exactmetrics_sitenote_note":"","_exactmetrics_sitenote_category":0,"footnotes":""},"categories":[7],"tags":[],"_links":{"self":[{"href":"https:\/\/goiasemtempo.com.br\/home\/wp-json\/wp\/v2\/posts\/52180"}],"collection":[{"href":"https:\/\/goiasemtempo.com.br\/home\/wp-json\/wp\/v2\/posts"}],"about":[{"href":"https:\/\/goiasemtempo.com.br\/home\/wp-json\/wp\/v2\/types\/post"}],"author":[{"embeddable":true,"href":"https:\/\/goiasemtempo.com.br\/home\/wp-json\/wp\/v2\/users\/3"}],"replies":[{"embeddable":true,"href":"https:\/\/goiasemtempo.com.br\/home\/wp-json\/wp\/v2\/comments?post=52180"}],"version-history":[{"count":1,"href":"https:\/\/goiasemtempo.com.br\/home\/wp-json\/wp\/v2\/posts\/52180\/revisions"}],"predecessor-version":[{"id":52182,"href":"https:\/\/goiasemtempo.com.br\/home\/wp-json\/wp\/v2\/posts\/52180\/revisions\/52182"}],"wp:featuredmedia":[{"embeddable":true,"href":"https:\/\/goiasemtempo.com.br\/home\/wp-json\/wp\/v2\/media\/52181"}],"wp:attachment":[{"href":"https:\/\/goiasemtempo.com.br\/home\/wp-json\/wp\/v2\/media?parent=52180"}],"wp:term":[{"taxonomy":"category","embeddable":true,"href":"https:\/\/goiasemtempo.com.br\/home\/wp-json\/wp\/v2\/categories?post=52180"},{"taxonomy":"post_tag","embeddable":true,"href":"https:\/\/goiasemtempo.com.br\/home\/wp-json\/wp\/v2\/tags?post=52180"}],"curies":[{"name":"wp","href":"https:\/\/api.w.org\/{rel}","templated":true}]}}