{"id":52157,"date":"2020-01-06T16:29:32","date_gmt":"2020-01-06T16:29:32","guid":{"rendered":"http:\/\/goiasemtempo.com.br\/home\/?p=52157"},"modified":"2020-01-06T16:39:59","modified_gmt":"2020-01-06T16:39:59","slug":"aparecida-passa-anapolis-em-pedido-de-instalacao-de-empresas-para-2020","status":"publish","type":"post","link":"https:\/\/goiasemtempo.com.br\/home\/aparecida-passa-anapolis-em-pedido-de-instalacao-de-empresas-para-2020\/","title":{"rendered":"Aparecida passa An\u00e1polis em pedido de instala\u00e7\u00e3o de empresas para 2020"},"content":{"rendered":"<p>De acordo com a Prefeitura de Aparecida de Goi\u00e2nia, no in\u00edcio de 2020, 230 empresas j\u00e1 solicitaram autoriza\u00e7\u00e3o para se instalar na cidade ou para abrir novas unidades.<\/p>\n<p>Em 2019, Aparecida perdeu apenas para a capital na quantidade de abertura de novas empresas, ficando\u00a0\u00e0 frente de An\u00e1polis, Catal\u00e3o e Rio Verde.<\/p>\n<p>No ano passado, por exemplo, 581 empresas individuais de responsabilidade limitada pediram autoriza\u00e7\u00e3o para se instalar em Aparecida, segundo a Juceg.<\/p>\n<div class=\"td-a-rec td-a-rec-id-content_inlineleft td_uid_10_5e135e700e33d_rand td_block_template_1\">\n<div class=\"angwp_55056 _ning_outer ang_zone_55056 _ning_jss_zone _align_center\">\n<div class=\"_ning_label _left\">An\u00e1polis teve 546 solicita\u00e7\u00f5es; Catal\u00e3o, 87; e Rio Verde, na Regi\u00e3o Sudoeste, 282 pedidos em igual per\u00edodo.<\/div>\n<div><\/div>\n<\/div>\n<\/div>\n<p>Comparando apenas as solicita\u00e7\u00f5es de empresas individuais de responsabilidade limitada, Aparecida foi a cidade com mais pedidos registrados nos anos de 2017, 2018 e 2019, entre os meses de janeiro e novembro.<\/p>\n<figure id=\"attachment_69740\" class=\"wp-caption aligncenter\" aria-describedby=\"caption-attachment-69740\"><img loading=\"lazy\" decoding=\"async\" class=\"size-full wp-image-69740\" src=\"https:\/\/www.folhaz.com.br\/wp-content\/uploads\/2019\/12\/pib-de-aparecida.jpg\" sizes=\"auto, (max-width: 800px) 100vw, 800px\" srcset=\"https:\/\/www.folhaz.com.br\/wp-content\/uploads\/2019\/12\/pib-de-aparecida.jpg 800w, https:\/\/www.folhaz.com.br\/wp-content\/uploads\/2019\/12\/pib-de-aparecida-300x200.jpg 300w, https:\/\/www.folhaz.com.br\/wp-content\/uploads\/2019\/12\/pib-de-aparecida-768x512.jpg 768w, https:\/\/www.folhaz.com.br\/wp-content\/uploads\/2019\/12\/pib-de-aparecida-696x464.jpg 696w, https:\/\/www.folhaz.com.br\/wp-content\/uploads\/2019\/12\/pib-de-aparecida-630x420.jpg 630w\" alt=\"PIB de Aparecida de Goi\u00e2nia cresce 122% em 10 anos | Foto: Jhonney Macena\" width=\"800\" height=\"533\" \/><figcaption id=\"caption-attachment-69740\" class=\"wp-caption-text\">PIB de Aparecida de Goi\u00e2nia cresceu 122% em 10 anos | Foto: Jhonney Macena<\/figcaption><\/figure>\n<p><strong>Gera\u00e7\u00e3o de empregos<\/strong><\/p>\n<p>Segundo informa\u00e7\u00f5es da Secretaria Municipal da Fazenda, o n\u00famero de CNPJ\u2019s ativos em Aparecida saltou de 6 mil para cerca de 54 mil, entre ind\u00fastrias, empresas e com\u00e9rcios, apenas nos \u00faltimos 10 anos.<\/p>\n<p>Com esse volume de neg\u00f3cios, a gera\u00e7\u00e3o de empregos tamb\u00e9m foi impactada positivamente.<\/p>\n<p>Somados, os 7 polos industriais e empresariais de Aparecida geram atualmente mais de 120 mil postos de trabalho.<\/p>\n<p>Para o prefeito Gustavo Mendanha, esse \u00e9 o principal benef\u00edcio de ter a economia local sustentada na industrializa\u00e7\u00e3o.<\/p>\n<p>\u201cEmpreendimentos industriais geram emprego, divisa de receitas e muito desenvolvimento para o munic\u00edpio. Aparecida \u00e9 hoje uma cidade de oportunidades. O munic\u00edpio deixou de ser cidade dormit\u00f3rio e passou a ser uma cidade industrial e universit\u00e1ria\u201d, afirmou.<\/p>\n<p>Com FolhaZ\/Ag\u00eancia de Not\u00edcias\/<\/p>\n","protected":false},"excerpt":{"rendered":"<p>De acordo com a Prefeitura de Aparecida de Goi\u00e2nia, no in\u00edcio de 2020, 230 empresas j\u00e1 solicitaram autoriza\u00e7\u00e3o para se instalar na cidade ou para abrir novas unidades. Em 2019, Aparecida perdeu apenas para a capital na quantidade de abertura de novas empresas, ficando\u00a0\u00e0 frente de An\u00e1polis, Catal\u00e3o e Rio Verde. No ano passado, por &hellip;<\/p>\n","protected":false},"author":3,"featured_media":52158,"comment_status":"open","ping_status":"open","sticky":false,"template":"","format":"standard","meta":{"footnotes":""},"categories":[19],"tags":[],"class_list":["post-52157","post","type-post","status-publish","format-standard","has-post-thumbnail","hentry","category-manchete"],"_links":{"self":[{"href":"https:\/\/goiasemtempo.com.br\/home\/wp-json\/wp\/v2\/posts\/52157","targetHints":{"allow":["GET"]}}],"collection":[{"href":"https:\/\/goiasemtempo.com.br\/home\/wp-json\/wp\/v2\/posts"}],"about":[{"href":"https:\/\/goiasemtempo.com.br\/home\/wp-json\/wp\/v2\/types\/post"}],"author":[{"embeddable":true,"href":"https:\/\/goiasemtempo.com.br\/home\/wp-json\/wp\/v2\/users\/3"}],"replies":[{"embeddable":true,"href":"https:\/\/goiasemtempo.com.br\/home\/wp-json\/wp\/v2\/comments?post=52157"}],"version-history":[{"count":1,"href":"https:\/\/goiasemtempo.com.br\/home\/wp-json\/wp\/v2\/posts\/52157\/revisions"}],"predecessor-version":[{"id":52159,"href":"https:\/\/goiasemtempo.com.br\/home\/wp-json\/wp\/v2\/posts\/52157\/revisions\/52159"}],"wp:featuredmedia":[{"embeddable":true,"href":"https:\/\/goiasemtempo.com.br\/home\/wp-json\/wp\/v2\/media\/52158"}],"wp:attachment":[{"href":"https:\/\/goiasemtempo.com.br\/home\/wp-json\/wp\/v2\/media?parent=52157"}],"wp:term":[{"taxonomy":"category","embeddable":true,"href":"https:\/\/goiasemtempo.com.br\/home\/wp-json\/wp\/v2\/categories?post=52157"},{"taxonomy":"post_tag","embeddable":true,"href":"https:\/\/goiasemtempo.com.br\/home\/wp-json\/wp\/v2\/tags?post=52157"}],"curies":[{"name":"wp","href":"https:\/\/api.w.org\/{rel}","templated":true}]}}