{"id":52151,"date":"2020-01-06T15:36:05","date_gmt":"2020-01-06T15:36:05","guid":{"rendered":"http:\/\/goiasemtempo.com.br\/home\/?p=52151"},"modified":"2020-01-06T15:38:07","modified_gmt":"2020-01-06T15:38:07","slug":"plantao-medico-em-anapolis-nesta-segunda-feira","status":"publish","type":"post","link":"https:\/\/goiasemtempo.com.br\/home\/plantao-medico-em-anapolis-nesta-segunda-feira\/","title":{"rendered":"Plant\u00e3o M\u00e9dico em An\u00e1polis nesta segunda-feira"},"content":{"rendered":"<div dir=\"auto\"><\/div>\n<div dir=\"auto\"><strong>Plant\u00e3o 06\/01\/2020 \u2013 DIURNO\u00a0<\/strong><\/div>\n<div dir=\"auto\">\n<div><strong>\u2731Unidade de Pronto Atendimento (UPA):<\/strong><\/div>\n<div>\n<div>\n<div>&#8211; Sala vermelha: presente (1)<\/div>\n<div>&#8211; Cl\u00ednicos: presente (4)<\/div>\n<div>&#8211; Atendimento pedi\u00e1trico: presente (1)<\/div>\n<div>&#8211; Odontol\u00f3gico: presente (1)<\/div>\n<\/div>\n<div><\/div>\n<\/div>\n<div><strong>\u2731UPA PEDI\u00c1TRICA:\u00a0<\/strong><\/div>\n<div>\n<div>\n<div>&#8211; Atendimento pedi\u00e1trico: presente (3)<\/div>\n<div>&#8211; ortopedista: presente (1)<\/div>\n<\/div>\n<div><\/div>\n<\/div>\n<div><strong>\u2731Hospital Municipal Jamel Cec\u00edlio:\u00a0<\/strong><\/div>\n<div>\n<div>\n<div>&#8211; Cl\u00ednico: presente (2)<\/div>\n<div>&#8211; Cirurgi\u00e3o: presente (2)<\/div>\n<div>&#8211; Ortopedista: presente (2)<\/div>\n<\/div>\n<div><\/div>\n<\/div>\n<div><strong>\u2731Santa Casa de Misericordia de An\u00e1polis:\u00a0 \u00a0 \u00a0 \u00a0 \u00a0 \u00a0 \u00a0 \u00a0 \u00a0 \u00a0 \u00a0 \u00a0 \u00a0 \u00a0 \u00a0 \u00a0 \u00a0 \u00a0<\/strong><\/div>\n<div>\n<div>\n<div>&#8211; Cl\u00ednico: presente (1)<\/div>\n<div>&#8211; Cirurgi\u00e3o: presente (1)<\/div>\n<div>&#8211; Ortopedista: presente (1)<\/div>\n<div>&#8211; Atendimento pedi\u00e1trico: presente (1)<\/div>\n<div>&#8211; Obstetras: presente (2)<\/div>\n<\/div>\n<div><\/div>\n<\/div>\n<div><strong>\u2731Hospital de Urg\u00eancias Dr. Henrique Santillo:\u00a0<\/strong><\/div>\n<div>\n<div>\n<div>&#8211; Cl\u00ednicos: presente (1)<\/div>\n<div>&#8211; Cirurgi\u00f5es: presente (2)<\/div>\n<div>&#8211; Ortopedistas: presente (2)<\/div>\n<div>&#8211; Bucomaxilo: presente (1)<\/div>\n<div>&#8211; Vascular: ausente<\/div>\n<div>&#8211; Neurocirurgi\u00e3o: presente (1)<\/div>\n<\/div>\n<div><\/div>\n<\/div>\n<div><strong>\u2731Maternidade Dr. Adalberto:\u00a0<\/strong><\/div>\n<div>\n<div>&#8211; Obstetra: presente (1)<\/div>\n<div>&#8211; Atendimento pedi\u00e1trico: presente (1)<\/div>\n<\/div>\n<div><\/div>\n<div><strong>\u00a0\u2731Instituto de Medicina do Comportamento Eur\u00edpedes Barsanulfo &#8211; INMCEB (Hospital Esp\u00edrita de Psiquiatria &#8211; HEP):\u00a0<\/strong>presente (1)<\/div>\n<div><\/div>\n<div>\u2731Atendimento: Somente pacientes conduzidos por SAMU ou regulados pelo SISREG.<\/div>\n<div><\/div>\n<div><strong>\u2731Servi\u00e7o de Verifica\u00e7\u00e3o de \u00d3bito (SVO):\u00a0<\/strong>presente (1)<\/div>\n<div><\/div>\n<div><strong>Observa\u00e7\u00f5es:<\/strong><\/div>\n<div><\/div>\n<div>\u2731 Unidade de Sa\u00fade do Parque Iracema, Unidade de Sa\u00fade Bairro Jardim Calixto (CAIS ABADIA) Atendimento at\u00e9 as 22H<\/div>\n<div><\/div>\n<div>\u2731Cais Jardim Progresso em reforma.<\/div>\n<div><\/div>\n<div>\u2731 UNIDADE DE SA\u00daDE DA MULHER (ANTIGO CAIS MULHER) EM NOVO ENDERE\u00c7O: RUA LARGA, S\/N, BAIRRO JARDIM CALIXTO. ATENDIMENTOS AGENDADOS EXAMES DE MAMOGRAFIAS VIA REGULA\u00c7\u00c3O REALIZADOS AT\u00c9 \u00c0S 22H:00M &#8211; INFORMA\u00c7\u00d5ES NO FONE: 3902-1360<\/div>\n<\/div>\n","protected":false},"excerpt":{"rendered":"<p>Plant\u00e3o 06\/01\/2020 \u2013 DIURNO\u00a0 \u2731Unidade de Pronto Atendimento (UPA): &#8211; Sala vermelha: presente (1) &#8211; Cl\u00ednicos: presente (4) &#8211; Atendimento pedi\u00e1trico: presente (1) &#8211; Odontol\u00f3gico: presente (1) \u2731UPA PEDI\u00c1TRICA:\u00a0 &#8211; Atendimento pedi\u00e1trico: presente (3) &#8211; ortopedista: presente (1) \u2731Hospital Municipal Jamel Cec\u00edlio:\u00a0 &#8211; Cl\u00ednico: presente (2) &#8211; Cirurgi\u00e3o: presente (2) &#8211; Ortopedista: presente (2) \u2731Santa &hellip;<\/p>\n","protected":false},"author":3,"featured_media":0,"comment_status":"open","ping_status":"open","sticky":false,"template":"","format":"standard","meta":{"_exactmetrics_skip_tracking":false,"_exactmetrics_sitenote_active":false,"_exactmetrics_sitenote_note":"","_exactmetrics_sitenote_category":0,"footnotes":""},"categories":[18],"tags":[],"_links":{"self":[{"href":"https:\/\/goiasemtempo.com.br\/home\/wp-json\/wp\/v2\/posts\/52151"}],"collection":[{"href":"https:\/\/goiasemtempo.com.br\/home\/wp-json\/wp\/v2\/posts"}],"about":[{"href":"https:\/\/goiasemtempo.com.br\/home\/wp-json\/wp\/v2\/types\/post"}],"author":[{"embeddable":true,"href":"https:\/\/goiasemtempo.com.br\/home\/wp-json\/wp\/v2\/users\/3"}],"replies":[{"embeddable":true,"href":"https:\/\/goiasemtempo.com.br\/home\/wp-json\/wp\/v2\/comments?post=52151"}],"version-history":[{"count":1,"href":"https:\/\/goiasemtempo.com.br\/home\/wp-json\/wp\/v2\/posts\/52151\/revisions"}],"predecessor-version":[{"id":52152,"href":"https:\/\/goiasemtempo.com.br\/home\/wp-json\/wp\/v2\/posts\/52151\/revisions\/52152"}],"wp:attachment":[{"href":"https:\/\/goiasemtempo.com.br\/home\/wp-json\/wp\/v2\/media?parent=52151"}],"wp:term":[{"taxonomy":"category","embeddable":true,"href":"https:\/\/goiasemtempo.com.br\/home\/wp-json\/wp\/v2\/categories?post=52151"},{"taxonomy":"post_tag","embeddable":true,"href":"https:\/\/goiasemtempo.com.br\/home\/wp-json\/wp\/v2\/tags?post=52151"}],"curies":[{"name":"wp","href":"https:\/\/api.w.org\/{rel}","templated":true}]}}