{"id":5212,"date":"2017-12-25T00:19:03","date_gmt":"2017-12-25T00:19:03","guid":{"rendered":"http:\/\/goiasemtempo.com.br\/home\/?p=5212"},"modified":"2017-12-25T00:19:03","modified_gmt":"2017-12-25T00:19:03","slug":"investigacao-criminal-de-harvey-weinstein-avanca-diz-policia","status":"publish","type":"post","link":"https:\/\/goiasemtempo.com.br\/home\/investigacao-criminal-de-harvey-weinstein-avanca-diz-policia\/","title":{"rendered":"Investiga\u00e7\u00e3o criminal de Harvey Weinstein avan\u00e7a, diz pol\u00edcia"},"content":{"rendered":"<p>Uma investiga\u00e7\u00e3o criminal sobre acusa\u00e7\u00f5es de agress\u00e3o sexual contra o produtor de Hollywood, Harvey Weinstein, est\u00e1 avan\u00e7ando, disse o detetive-chefe da Pol\u00edcia de Nova York, Robert Boyce.<\/p>\n<p>Este caso est\u00e1 avan\u00e7ando neste momento, disse ele em um comunicado, citando um contato regular com o procurador do distrito de Manhattan, Cyrus Vance Jr.<\/p>\n<p>N\u00e3o houve nenhuma determina\u00e7\u00e3o sobre aonde est\u00e1 indo, sobre uma linha de tempo ou sobre quando vai a um grande j\u00fari, explicou o funcion\u00e1rio do Departamento de Pol\u00edcia de Nova York.<\/p>\n<p>Boyce disse ter enviado detetives a Los Angeles para cuidar do caso.<\/p>\n<p>Estou com dois detetives em Los Angeles agora. Mandei-os para Paris. Eu os enviei praticamente para o mundo todo&#8230; Mais mulheres se manifestando \u00e9 uma coisa boa. N\u00f3s vemos um aumento significativo de pessoas que se apresentam e tendo f\u00e9, ressaltou.<\/p>\n<p>A atriz de Nova York, Paz de la Huerta, afirma que Weinstein a estuprou em sua casa de Manhattan em 2010.<\/p>\n<p>Mais de 100 mulheres tornaram p\u00fablicas desde outubro acusa\u00e7\u00f5es contra Weinstein nos \u00faltimos 40 anos, que v\u00e3o de intimida\u00e7\u00e3o a estupro.<\/p>\n<p>Entretanto, muitas das den\u00fancias n\u00e3o podem ser investigadas criminalmente pelo fato de os supostos crimes terem prescrito.<\/p>\n<p>Poucas mulheres apresentaram acusa\u00e7\u00f5es criminais: esse foi o caso de Paz de la Huerta e outras duas mulheres em Los Angeles e Londres.<\/p>\n","protected":false},"excerpt":{"rendered":"<p>Uma investiga\u00e7\u00e3o criminal sobre acusa\u00e7\u00f5es de agress\u00e3o sexual contra o produtor de Hollywood, Harvey Weinstein, est\u00e1 avan\u00e7ando, disse o detetive-chefe da Pol\u00edcia de Nova York, Robert Boyce. Este caso est\u00e1 avan\u00e7ando neste momento, disse ele em um comunicado, citando um contato regular com o procurador do distrito de Manhattan, Cyrus Vance Jr. N\u00e3o houve nenhuma &hellip;<\/p>\n","protected":false},"author":2,"featured_media":2333,"comment_status":"open","ping_status":"open","sticky":false,"template":"","format":"standard","meta":{"footnotes":""},"categories":[4],"tags":[],"class_list":["post-5212","post","type-post","status-publish","format-standard","has-post-thumbnail","hentry","category-ultimas-noticias"],"_links":{"self":[{"href":"https:\/\/goiasemtempo.com.br\/home\/wp-json\/wp\/v2\/posts\/5212","targetHints":{"allow":["GET"]}}],"collection":[{"href":"https:\/\/goiasemtempo.com.br\/home\/wp-json\/wp\/v2\/posts"}],"about":[{"href":"https:\/\/goiasemtempo.com.br\/home\/wp-json\/wp\/v2\/types\/post"}],"author":[{"embeddable":true,"href":"https:\/\/goiasemtempo.com.br\/home\/wp-json\/wp\/v2\/users\/2"}],"replies":[{"embeddable":true,"href":"https:\/\/goiasemtempo.com.br\/home\/wp-json\/wp\/v2\/comments?post=5212"}],"version-history":[{"count":1,"href":"https:\/\/goiasemtempo.com.br\/home\/wp-json\/wp\/v2\/posts\/5212\/revisions"}],"predecessor-version":[{"id":5213,"href":"https:\/\/goiasemtempo.com.br\/home\/wp-json\/wp\/v2\/posts\/5212\/revisions\/5213"}],"wp:featuredmedia":[{"embeddable":true,"href":"https:\/\/goiasemtempo.com.br\/home\/wp-json\/wp\/v2\/media\/2333"}],"wp:attachment":[{"href":"https:\/\/goiasemtempo.com.br\/home\/wp-json\/wp\/v2\/media?parent=5212"}],"wp:term":[{"taxonomy":"category","embeddable":true,"href":"https:\/\/goiasemtempo.com.br\/home\/wp-json\/wp\/v2\/categories?post=5212"},{"taxonomy":"post_tag","embeddable":true,"href":"https:\/\/goiasemtempo.com.br\/home\/wp-json\/wp\/v2\/tags?post=5212"}],"curies":[{"name":"wp","href":"https:\/\/api.w.org\/{rel}","templated":true}]}}