{"id":52097,"date":"2019-12-29T02:27:36","date_gmt":"2019-12-29T02:27:36","guid":{"rendered":"http:\/\/goiasemtempo.com.br\/home\/?p=52097"},"modified":"2019-12-29T02:27:36","modified_gmt":"2019-12-29T02:27:36","slug":"acidente-na-br-050-entre-onibus-carreta-e-carros-mata-uma-pessoa","status":"publish","type":"post","link":"https:\/\/goiasemtempo.com.br\/home\/acidente-na-br-050-entre-onibus-carreta-e-carros-mata-uma-pessoa\/","title":{"rendered":"Acidente na BR-050  entre \u00f4nibus, carreta e carros mata uma pessoa"},"content":{"rendered":"<p>Uma pessoa morreu em um acidente no in\u00edcio da tarde deste s\u00e1bado (28) na BR 050, entre os munic\u00edpios de Catal\u00e3o (GO) e Araguari (MG). Segundo informa\u00e7\u00f5es da Pol\u00edcia Rodovi\u00e1ria Federal, os ve\u00edculos envolvidos no acidente s\u00e3o: um \u00f4nibus de turismo, uma carreta e dois carros de passeio.<\/p>\n<p>A via ficou totalmente interditada por quase duas horas e foi liberada apenas depois das onde\u00a0 PRF realizou a libera\u00e7\u00e3o total da rodovia no sentido norte e sul.<\/p>\n<p>&nbsp;<\/p>\n","protected":false},"excerpt":{"rendered":"<p>Uma pessoa morreu em um acidente no in\u00edcio da tarde deste s\u00e1bado (28) na BR 050, entre os munic\u00edpios de Catal\u00e3o (GO) e Araguari (MG). Segundo informa\u00e7\u00f5es da Pol\u00edcia Rodovi\u00e1ria Federal, os ve\u00edculos envolvidos no acidente s\u00e3o: um \u00f4nibus de turismo, uma carreta e dois carros de passeio. A via ficou totalmente interditada por quase &hellip;<\/p>\n","protected":false},"author":3,"featured_media":52098,"comment_status":"open","ping_status":"open","sticky":false,"template":"","format":"standard","meta":{"_exactmetrics_skip_tracking":false,"_exactmetrics_sitenote_active":false,"_exactmetrics_sitenote_note":"","_exactmetrics_sitenote_category":0,"footnotes":""},"categories":[4],"tags":[],"_links":{"self":[{"href":"https:\/\/goiasemtempo.com.br\/home\/wp-json\/wp\/v2\/posts\/52097"}],"collection":[{"href":"https:\/\/goiasemtempo.com.br\/home\/wp-json\/wp\/v2\/posts"}],"about":[{"href":"https:\/\/goiasemtempo.com.br\/home\/wp-json\/wp\/v2\/types\/post"}],"author":[{"embeddable":true,"href":"https:\/\/goiasemtempo.com.br\/home\/wp-json\/wp\/v2\/users\/3"}],"replies":[{"embeddable":true,"href":"https:\/\/goiasemtempo.com.br\/home\/wp-json\/wp\/v2\/comments?post=52097"}],"version-history":[{"count":1,"href":"https:\/\/goiasemtempo.com.br\/home\/wp-json\/wp\/v2\/posts\/52097\/revisions"}],"predecessor-version":[{"id":52099,"href":"https:\/\/goiasemtempo.com.br\/home\/wp-json\/wp\/v2\/posts\/52097\/revisions\/52099"}],"wp:featuredmedia":[{"embeddable":true,"href":"https:\/\/goiasemtempo.com.br\/home\/wp-json\/wp\/v2\/media\/52098"}],"wp:attachment":[{"href":"https:\/\/goiasemtempo.com.br\/home\/wp-json\/wp\/v2\/media?parent=52097"}],"wp:term":[{"taxonomy":"category","embeddable":true,"href":"https:\/\/goiasemtempo.com.br\/home\/wp-json\/wp\/v2\/categories?post=52097"},{"taxonomy":"post_tag","embeddable":true,"href":"https:\/\/goiasemtempo.com.br\/home\/wp-json\/wp\/v2\/tags?post=52097"}],"curies":[{"name":"wp","href":"https:\/\/api.w.org\/{rel}","templated":true}]}}