{"id":51978,"date":"2019-12-19T19:41:36","date_gmt":"2019-12-19T19:41:36","guid":{"rendered":"http:\/\/goiasemtempo.com.br\/home\/?p=51978"},"modified":"2019-12-19T19:41:36","modified_gmt":"2019-12-19T19:41:36","slug":"governador-caiado-sanciona-lei-que-autoriza-transporte-alternativo-em-goias","status":"publish","type":"post","link":"https:\/\/goiasemtempo.com.br\/home\/governador-caiado-sanciona-lei-que-autoriza-transporte-alternativo-em-goias\/","title":{"rendered":"Governador Caiado sanciona lei que autoriza transporte alternativo em Goi\u00e1s"},"content":{"rendered":"<p>O governador de Goi\u00e1s, Ronaldo Caiado (DEM), sancionou lei que regulamenta o Servi\u00e7o de Transporte P\u00fablico Alternativo Intermunicipal de passageiros e encomendas em Goi\u00e1s, atrav\u00e9s de ve\u00edculos do tipo van e similares. A san\u00e7\u00e3o da lei foi publicada na edi\u00e7\u00e3o desta quinta-feira (19) do Di\u00e1rio Oficial do Estado.<\/p>\n<p>De acordo com o texto, o transporte alternativo complementa o servi\u00e7o convencional oferecido, contribuindo com a mobilidade urbana e atendendo \u00e0s necessidades de deslocamento. A regulamenta\u00e7\u00e3o define que o transporte pode ser por aplicativo ou n\u00e3o. Est\u00e3o habilitados a participar empresas ou profissionais aut\u00f4nomos reunidos em cooperativas ou associa\u00e7\u00f5es, que dever\u00e3o se cadastrar junto aos \u00f3rg\u00e3os e empresas de tr\u00e2nsito competentes de cada munic\u00edpio.<\/p>\n<p>O projeto foi aprovado em segunda vota\u00e7\u00e3o na Assembleia Legislativa no dia 26 de novembro. A mat\u00e9ria \u00e9 de autoria do deputado estadual, Paulo C\u00e9sar Martins (MDB). O objetivo da mat\u00e9ria, segundo o parlamentar, \u00e9 incentivar os novos modelos de transporte no estado, assegurando a livre concorr\u00eancia e transpar\u00eancia dos servi\u00e7os, garantindo a seguran\u00e7a e a confiabilidade.<\/p>\n<p>De acordo com a lei, caber\u00e1 ao governo estadual regulamentar a lei, estabelecer as normas necess\u00e1rias para o seu cumprimento no prazo de 90 dias, a contar da data de sua vig\u00eancia, e estabelecer os procedimentos administrativos para a sua devida aplica\u00e7\u00e3o.<\/p>\n<div class=\"pp-box-adunit pp-ad-loading pp-type-outstream\">\n<div class=\"pp-adunit\">\n<div class=\"pp-ad\">\n<div id=\"P_DIARIO_DE_GOIAS_OUTSTREAM011376373143762764\" data-premium=\"\" data-adunit=\"DIARIO_DE_GOIAS_OUTSTREAM\" data-sizes-mobile=\"[[336,280],[300,250]] \" data-sizes-desktop=\"[[336,280],[300,250],[1,1]]\" data-type=\"outstream\" data-premium-load=\"\" data-fetch=\"true\" data-google-query-id=\"CJO2i4u7wuYCFQ5QwQodumEJNw\"><\/div>\n<\/div>\n<\/div>\n<\/div>\n","protected":false},"excerpt":{"rendered":"<p>O governador de Goi\u00e1s, Ronaldo Caiado (DEM), sancionou lei que regulamenta o Servi\u00e7o de Transporte P\u00fablico Alternativo Intermunicipal de passageiros e encomendas em Goi\u00e1s, atrav\u00e9s de ve\u00edculos do tipo van e similares. A san\u00e7\u00e3o da lei foi publicada na edi\u00e7\u00e3o desta quinta-feira (19) do Di\u00e1rio Oficial do Estado. De acordo com o texto, o transporte &hellip;<\/p>\n","protected":false},"author":3,"featured_media":51979,"comment_status":"open","ping_status":"open","sticky":false,"template":"","format":"standard","meta":{"_exactmetrics_skip_tracking":false,"_exactmetrics_sitenote_active":false,"_exactmetrics_sitenote_note":"","_exactmetrics_sitenote_category":0,"footnotes":""},"categories":[19],"tags":[],"_links":{"self":[{"href":"https:\/\/goiasemtempo.com.br\/home\/wp-json\/wp\/v2\/posts\/51978"}],"collection":[{"href":"https:\/\/goiasemtempo.com.br\/home\/wp-json\/wp\/v2\/posts"}],"about":[{"href":"https:\/\/goiasemtempo.com.br\/home\/wp-json\/wp\/v2\/types\/post"}],"author":[{"embeddable":true,"href":"https:\/\/goiasemtempo.com.br\/home\/wp-json\/wp\/v2\/users\/3"}],"replies":[{"embeddable":true,"href":"https:\/\/goiasemtempo.com.br\/home\/wp-json\/wp\/v2\/comments?post=51978"}],"version-history":[{"count":1,"href":"https:\/\/goiasemtempo.com.br\/home\/wp-json\/wp\/v2\/posts\/51978\/revisions"}],"predecessor-version":[{"id":51980,"href":"https:\/\/goiasemtempo.com.br\/home\/wp-json\/wp\/v2\/posts\/51978\/revisions\/51980"}],"wp:featuredmedia":[{"embeddable":true,"href":"https:\/\/goiasemtempo.com.br\/home\/wp-json\/wp\/v2\/media\/51979"}],"wp:attachment":[{"href":"https:\/\/goiasemtempo.com.br\/home\/wp-json\/wp\/v2\/media?parent=51978"}],"wp:term":[{"taxonomy":"category","embeddable":true,"href":"https:\/\/goiasemtempo.com.br\/home\/wp-json\/wp\/v2\/categories?post=51978"},{"taxonomy":"post_tag","embeddable":true,"href":"https:\/\/goiasemtempo.com.br\/home\/wp-json\/wp\/v2\/tags?post=51978"}],"curies":[{"name":"wp","href":"https:\/\/api.w.org\/{rel}","templated":true}]}}