{"id":51972,"date":"2019-12-19T19:16:50","date_gmt":"2019-12-19T19:16:50","guid":{"rendered":"http:\/\/goiasemtempo.com.br\/home\/?p=51972"},"modified":"2019-12-19T19:16:50","modified_gmt":"2019-12-19T19:16:50","slug":"joao-de-deus-e-condenado-a-19-anos-de-prisao-por-crimes-sexuais","status":"publish","type":"post","link":"https:\/\/goiasemtempo.com.br\/home\/joao-de-deus-e-condenado-a-19-anos-de-prisao-por-crimes-sexuais\/","title":{"rendered":"Jo\u00e3o de Deus \u00e9 condenado a 19 anos de pris\u00e3o por crimes sexuais"},"content":{"rendered":"<p class=\"bodytext\">O m\u00e9dium Jo\u00e3o de Deus foi condenado nesta quinta-feira (19) a 19 anos e quatro meses de pris\u00e3o. Esta \u00e9 a primeira condena\u00e7\u00e3o que sofrida pelas acusa\u00e7\u00f5es de abusos sexuais contra mulheres que atendia na Casa Dom In\u00e1cio de Loyola, interior de Goi\u00e1s. A decis\u00e3o foi proferida pela ju\u00edza Ros\u00e2ngela Rodrigues, da comarca de Abadi\u00e2nia (GO).<\/p>\n<p class=\"bodytext\">Preso h\u00e1 um ano, Jo\u00e3o Teixeira de Faria, 78 anos, j\u00e1 havia sido denunciado 11 vezes pelo Minist\u00e9rio P\u00fablico por crimes sexuais. Apesar da quantidade de v\u00edtimas, ele nega as acusa\u00e7\u00f5es.<\/p>\n<p class=\"bodytext\">Em dois casos que responde, a acusa\u00e7\u00e3o envolve tamb\u00e9m falsidade ideol\u00f3gica, corrup\u00e7\u00e3o de testemunha e coa\u00e7\u00e3o.<\/p>\n<div class=\"single-publicidade\">\n<div id=\"brasilemundo_300x250_01\"><\/div>\n<\/div>\n<p class=\"bodytext\">Jo\u00e3o de Deus j\u00e1 havia sido denunciado e condenado em outro caso, por posse ilegal de arma. A pena foi de quatro anos em regime semiaberto, mas j\u00e1 foi revogada. A 13\u00aa den\u00fancia que pesa contra ele envolve apreens\u00e3o de arma e documentos.<\/p>\n<p class=\"bodytext\">At\u00e9 agora, mais de 300 den\u00fancias de mulheres contra Jo\u00e3o de Deus foram recebidas pelo MP-GO. Dessas, 194 deram andamento aos processos. Nas den\u00fancias que j\u00e1 foram formalmente apresentadas, somam-se 57 v\u00edtimas do m\u00e9dium.<\/p>\n<p class=\"bodytext\">O m\u00e9dium est\u00e1 detido em Aparecida de Goi\u00e2nia (GO) desde dezembro do ano passado, aguardando os julgamentos que s\u00e3o considerados pelos promotores de Justi\u00e7a goianos como o maior caso de abuso sexual registrado no pa\u00eds<\/p>\n<div class=\"single-publicidade\">\n<div id=\"div-gpt-ad-1558981264142-0\"><\/div>\n<\/div>\n<p class=\"bodytext\">\u201cTenho certeza que \u00e9 um dos maiores casos do pa\u00eds, talvez do planeta, no que tange a abuso sexual\u201d, disse o promotor Luciano Miranda, coordenador da for\u00e7a-tarefa do MP-GO que investiga os crimes, de acordo com o portal G1.<\/p>\n<p class=\"bodytext\">As acusa\u00e7\u00f5es contra Jo\u00e3o de Deus come\u00e7aram no dia 7 de dezembro de 2018. Mulheres relataram no programa Conversa com Bial, da TV Globo, terem sofrido abusos sexuais dentro da Dom In\u00e1cio de Loyola, onde ele fazia os atendimentos. Logo depois, o Minist\u00e9rio P\u00fablico de Goi\u00e1s montou uma for\u00e7a-tarefa para receber as den\u00fancias.<\/p>\n<p>&nbsp;<\/p>\n","protected":false},"excerpt":{"rendered":"<p>O m\u00e9dium Jo\u00e3o de Deus foi condenado nesta quinta-feira (19) a 19 anos e quatro meses de pris\u00e3o. Esta \u00e9 a primeira condena\u00e7\u00e3o que sofrida pelas acusa\u00e7\u00f5es de abusos sexuais contra mulheres que atendia na Casa Dom In\u00e1cio de Loyola, interior de Goi\u00e1s. A decis\u00e3o foi proferida pela ju\u00edza Ros\u00e2ngela Rodrigues, da comarca de Abadi\u00e2nia &hellip;<\/p>\n","protected":false},"author":3,"featured_media":51973,"comment_status":"open","ping_status":"open","sticky":false,"template":"","format":"standard","meta":{"_exactmetrics_skip_tracking":false,"_exactmetrics_sitenote_active":false,"_exactmetrics_sitenote_note":"","_exactmetrics_sitenote_category":0,"footnotes":""},"categories":[4],"tags":[],"_links":{"self":[{"href":"https:\/\/goiasemtempo.com.br\/home\/wp-json\/wp\/v2\/posts\/51972"}],"collection":[{"href":"https:\/\/goiasemtempo.com.br\/home\/wp-json\/wp\/v2\/posts"}],"about":[{"href":"https:\/\/goiasemtempo.com.br\/home\/wp-json\/wp\/v2\/types\/post"}],"author":[{"embeddable":true,"href":"https:\/\/goiasemtempo.com.br\/home\/wp-json\/wp\/v2\/users\/3"}],"replies":[{"embeddable":true,"href":"https:\/\/goiasemtempo.com.br\/home\/wp-json\/wp\/v2\/comments?post=51972"}],"version-history":[{"count":1,"href":"https:\/\/goiasemtempo.com.br\/home\/wp-json\/wp\/v2\/posts\/51972\/revisions"}],"predecessor-version":[{"id":51974,"href":"https:\/\/goiasemtempo.com.br\/home\/wp-json\/wp\/v2\/posts\/51972\/revisions\/51974"}],"wp:featuredmedia":[{"embeddable":true,"href":"https:\/\/goiasemtempo.com.br\/home\/wp-json\/wp\/v2\/media\/51973"}],"wp:attachment":[{"href":"https:\/\/goiasemtempo.com.br\/home\/wp-json\/wp\/v2\/media?parent=51972"}],"wp:term":[{"taxonomy":"category","embeddable":true,"href":"https:\/\/goiasemtempo.com.br\/home\/wp-json\/wp\/v2\/categories?post=51972"},{"taxonomy":"post_tag","embeddable":true,"href":"https:\/\/goiasemtempo.com.br\/home\/wp-json\/wp\/v2\/tags?post=51972"}],"curies":[{"name":"wp","href":"https:\/\/api.w.org\/{rel}","templated":true}]}}