{"id":51969,"date":"2019-12-19T18:59:14","date_gmt":"2019-12-19T18:59:14","guid":{"rendered":"http:\/\/goiasemtempo.com.br\/home\/?p=51969"},"modified":"2019-12-19T18:59:14","modified_gmt":"2019-12-19T18:59:14","slug":"flavio-bolsonaro-usou-imoveis-para-lavar-dinheiro-junto-com-esposa","status":"publish","type":"post","link":"https:\/\/goiasemtempo.com.br\/home\/flavio-bolsonaro-usou-imoveis-para-lavar-dinheiro-junto-com-esposa\/","title":{"rendered":"Fl\u00e1vio Bolsonaro usou im\u00f3veis para lavar dinheiro junto com esposa"},"content":{"rendered":"<p>Documentos do Minist\u00e9rio P\u00fablico do Rio de Janeiro acessados pela revista Cruso\u00e9 apontam que o senador\u00a0<strong>Fl\u00e1vio Bolsonaro<\/strong>\u00a0e sua mulher, Fernanda Antunes Figueira Bolsonaro, usaram dois apartamentos para lavagem de dinheiro adquirido por meio de \u201crachadinha\u201d \u2013 um esquema de desvio de sal\u00e1rios de assessores.<\/p>\n<p>\u00c0 \u00e9poca, Fl\u00e1vio ainda era deputado estadual no Rio de Janeiro.<\/p>\n<p>Para os promotores de Justi\u00e7a, o que chamou a aten\u00e7\u00e3o no caso foram os valores envolvidos na transa\u00e7\u00e3o de compra e venda dos im\u00f3veis. Adquiridos em novembro de 2012, de um mesmo propriet\u00e1rio, os apartamentos foram comprados por 30% a menos do que o antigo dono havia pago por ambos. Um ano depois, Fl\u00e1vio os revendeu por 300% a mais.<\/p>\n<p>Localizados em Copacabana, \u00e1rea nobre do Rio, um dos im\u00f3veis foi comprado por 140 mil reais, e depois repassado a 550 mil. O outro, foi adquirido por 170 mil reais e posteriormente vendido por 573 mil reais.<\/p>\n<div class=\"ad-content\">\n<div id=\"abrAD_dyn_rectangle1\" class=\"appear\" data-appear-top-offset=\"300\"><\/div>\n<\/div>\n<p>Para o MP, o ato se configura como uma \u201clucratividade expressiva e desproporcional\u201d, j\u00e1 que a m\u00e9dia de valoriza\u00e7\u00e3o para im\u00f3veis da mesma \u00e1rea durante o per\u00edodo foi de 10%.<\/p>\n<p><a href=\"https:\/\/exame.abril.com.br\/brasil\/operacao-do-mp-mira-queiroz-e-ex-assessores-de-flavio-nesta-quarta\/\" target=\"_blank\" rel=\"noopener\">Na manh\u00e3 desta quarta-feira, o MP-RJ cumpriu\u00a0<\/a><a href=\"https:\/\/exame.abril.com.br\/brasil\/operacao-do-mp-mira-queiroz-e-ex-assessores-de-flavio-nesta-quarta\/\" target=\"_blank\" rel=\"noopener\">diversos mandados de busca e apreens\u00e3o<\/a>\u00a0em endere\u00e7os de ex-assessores do senador\u00a0<strong><a href=\"https:\/\/exame.abril.com.br\/noticias-sobre\/flavio-bolsonaro\/\" target=\"_blank\" rel=\"noopener\">Fl\u00e1vio Bolsonaro<\/a><\/strong>\u00a0,\u00a0tanto na capital como em Resende, no Sul do Estado do Rio.<\/p>\n<p>As medidas cautelares foram pedidas na investiga\u00e7\u00e3o sobre lavagem de dinheiro e peculato (desvio de dinheiro p\u00fablico) no \u00e2mbito do antigo gabinete do senador, quando ele ainda era deputado estadual na Assembleia Legislativa do Rio.<\/p>\n<p>S\u00e3o alvo das medidas cautelares os endere\u00e7os de\u00a0<strong><a href=\"https:\/\/exame.abril.com.br\/noticias-sobre\/fabricio-queiroz\/\" target=\"_blank\" rel=\"noopener\">Fabr\u00edcio Queiroz<\/a><\/strong>, ex-chefe da seguran\u00e7a de Fl\u00e1vio, seus familiares e ainda parentes de Ana Cristina Siqueira Valle, ex-mulher do presidente Jair Bolsonaro.<\/p>\n<p>As medidas cautelares desta quarta-feira atingem sobretudo ex-assessores que tamb\u00e9m tiveram sigilo fiscal e banc\u00e1rio quebrado pelo Tribunal de Justi\u00e7a do Rio em abril.<\/p>\n<p>A defesa de Fabr\u00edcio Queiroz disse ter recebido a informa\u00e7\u00e3o a respeito da recente medida de busca apreens\u00e3o com \u201ctranquilidade\u201d e ao mesmo tempo \u201csurpresa\u201d e a classificou\u00a0de \u201cabsolutamente desnecess\u00e1ria\u201d.<\/p>\n<p>Em nota, o Minist\u00e9rio P\u00fablico do Rio de Janeiro\u00a0informou que foram cumpridos 24 mandados de busca e apreens\u00e3o no \u00e2mbito da investiga\u00e7\u00e3o sobre Queiroz.<\/p>\n<h3>Investiga\u00e7\u00f5es retomadas<\/h3>\n<p>No fim de novembro, um julgamento no Supremo Tribunal Federal (STF)\u00a0<a href=\"https:\/\/exame.abril.com.br\/brasil\/o-que-o-stf-decidiu-sobre-o-compartilhamento-de-dados-do-coaf\/\" target=\"_blank\" rel=\"noopener\">autorizou o compartilhamento irrestrito de dados sigilosos de \u00f3rg\u00e3os de controle financeiro<\/a>\u00a0como a Unidade de Intelig\u00eancia Financeira (UIF), antigo Conselho de Controle de Atividades Financeiras (Coaf), e a Receita Federal sem pr\u00e9via autoriza\u00e7\u00e3o judicial.<\/p>\n<p>Em dezembro de 2018, um relat\u00f3rio do Coaf apontou uma movimenta\u00e7\u00e3o at\u00edpica de R$ 1,2 milh\u00f5es na conta do senador, quando ainda era deputado estadual.\u00a0O documento aponta Queiroz como respons\u00e1vel pelas movimenta\u00e7\u00f5es.<\/p>\n<p>Para ter acesso \u00e0s informa\u00e7\u00f5es, o Coaf repassou ao Minist\u00e9rio P\u00fablico dados banc\u00e1rios do ent\u00e3o deputado, o que sua defesa identificou como \u201cquebra de sigilo fiscal e banc\u00e1rio\u201d.<\/p>\n<h3>Rachadinhas<\/h3>\n<p>Caracterizada pela transfer\u00eancia de sal\u00e1rios de assessores para o parlamentar ou secret\u00e1rio a partir de um acordo pr\u00e9-estabelecido ou como exig\u00eancia para a fun\u00e7\u00e3o, a rachadinha pode ou n\u00e3o envolver a contrata\u00e7\u00e3o de funcion\u00e1rios fantasmas. O esquema envolve repasses de quantias menores quando comparadas a grandes casos de corrup\u00e7\u00e3o \u2013 por movimentar valores na faixa dos milhares e n\u00e3o de milh\u00f5es, isso se reflete no perfil de pol\u00edtico que comete a pr\u00e1tica.<\/p>\n<p>Da reda\u00e7\u00e3o, com Ag\u00eancia O Globo<\/p>\n","protected":false},"excerpt":{"rendered":"<p>Documentos do Minist\u00e9rio P\u00fablico do Rio de Janeiro acessados pela revista Cruso\u00e9 apontam que o senador\u00a0Fl\u00e1vio Bolsonaro\u00a0e sua mulher, Fernanda Antunes Figueira Bolsonaro, usaram dois apartamentos para lavagem de dinheiro adquirido por meio de \u201crachadinha\u201d \u2013 um esquema de desvio de sal\u00e1rios de assessores. \u00c0 \u00e9poca, Fl\u00e1vio ainda era deputado estadual no Rio de Janeiro. &hellip;<\/p>\n","protected":false},"author":3,"featured_media":51970,"comment_status":"open","ping_status":"open","sticky":false,"template":"","format":"standard","meta":{"footnotes":""},"categories":[4],"tags":[],"class_list":["post-51969","post","type-post","status-publish","format-standard","has-post-thumbnail","hentry","category-ultimas-noticias"],"_links":{"self":[{"href":"https:\/\/goiasemtempo.com.br\/home\/wp-json\/wp\/v2\/posts\/51969","targetHints":{"allow":["GET"]}}],"collection":[{"href":"https:\/\/goiasemtempo.com.br\/home\/wp-json\/wp\/v2\/posts"}],"about":[{"href":"https:\/\/goiasemtempo.com.br\/home\/wp-json\/wp\/v2\/types\/post"}],"author":[{"embeddable":true,"href":"https:\/\/goiasemtempo.com.br\/home\/wp-json\/wp\/v2\/users\/3"}],"replies":[{"embeddable":true,"href":"https:\/\/goiasemtempo.com.br\/home\/wp-json\/wp\/v2\/comments?post=51969"}],"version-history":[{"count":1,"href":"https:\/\/goiasemtempo.com.br\/home\/wp-json\/wp\/v2\/posts\/51969\/revisions"}],"predecessor-version":[{"id":51971,"href":"https:\/\/goiasemtempo.com.br\/home\/wp-json\/wp\/v2\/posts\/51969\/revisions\/51971"}],"wp:featuredmedia":[{"embeddable":true,"href":"https:\/\/goiasemtempo.com.br\/home\/wp-json\/wp\/v2\/media\/51970"}],"wp:attachment":[{"href":"https:\/\/goiasemtempo.com.br\/home\/wp-json\/wp\/v2\/media?parent=51969"}],"wp:term":[{"taxonomy":"category","embeddable":true,"href":"https:\/\/goiasemtempo.com.br\/home\/wp-json\/wp\/v2\/categories?post=51969"},{"taxonomy":"post_tag","embeddable":true,"href":"https:\/\/goiasemtempo.com.br\/home\/wp-json\/wp\/v2\/tags?post=51969"}],"curies":[{"name":"wp","href":"https:\/\/api.w.org\/{rel}","templated":true}]}}