{"id":51900,"date":"2019-12-12T22:08:31","date_gmt":"2019-12-12T22:08:31","guid":{"rendered":"http:\/\/goiasemtempo.com.br\/home\/?p=51900"},"modified":"2019-12-12T22:08:31","modified_gmt":"2019-12-12T22:08:31","slug":"botafogo-anuncia-valdir-espinosa-para-a-gerencia-de-futebol","status":"publish","type":"post","link":"https:\/\/goiasemtempo.com.br\/home\/botafogo-anuncia-valdir-espinosa-para-a-gerencia-de-futebol\/","title":{"rendered":"Botafogo anuncia Valdir Espinosa para a ger\u00eancia de futebol"},"content":{"rendered":"<p>O Botafogo acertou e anunciou nesta quinta-feira a contrata\u00e7\u00e3o de Valdir Espinosa para substituir Anderson Barros na ger\u00eancia de futebol. O acertou aconteceu nesta tarde em reuni\u00e3o do comit\u00ea de futebol. A apresenta\u00e7\u00e3o ser\u00e1 realizada no pr\u00f3ximo s\u00e1bado.<\/p>\n<div class=\"mc-column content-text active-extra-styles \" data-block-type=\"unstyled\" data-block-weight=\"44\" data-block-id=\"3\">\n<p class=\"content-text__container \" data-track-category=\"Link no Texto\" data-track-links=\"\">&#8211; O objetivo \u00e9 dar o m\u00e1ximo para, juntamente com a comiss\u00e3o t\u00e9cnica, diretoria, jogadores e torcedores, trabalhar para fazer a estrela brilhar novamente. Ser\u00e3o 24 horas de trabalho por dia pelo Botafogo &#8211; destacou o gerente Valdir Espinosa ao site oficial do clube.<\/p>\n<\/div>\n<div class=\"row medium-uncollapsed content-media content-photo\" data-block-type=\"backstage-photo\" data-block-id=\"4\">\n<div class=\"mc-column content-media__container\">\n<div class=\"progressive-img can-open-lightbox\" data-min-size=\"1008x672\" data-min-size-url=\"https:\/\/s2.glbimg.com\/Q-IhtBRtOIDKrGgBwZji357nDWM=\/0x0:5472x3648\/1008x0\/smart\/filters:strip_icc()\/s.glbimg.com\/es\/ge\/f\/original\/2016\/10\/10\/img_0084.jpg\" data-max-size=\"1600x1066\" data-max-size-url=\"https:\/\/s2.glbimg.com\/I0Btqn_P-A_6F3ss7Na9Ow-CSCw=\/0x0:5472x3648\/1600x0\/smart\/filters:strip_icc()\/s.glbimg.com\/es\/ge\/f\/original\/2016\/10\/10\/img_0084.jpg\" data-media-index=\"0\">\n<div class=\"placeholder-container\"><\/div>\n<p><img decoding=\"async\" class=\"progressive-draft\" title=\"Valdir Espinosa vai substituir Anderson Barros no Botafogo \u2014 Foto: Eduardo Moura\/GloboEsporte.com\" src=\"data:image\/jpeg;base64,\/9j\/4AAQSkZJRgABAQAAAQABAAD\/2wBDAAMCAgMCAgMDAwMEAwMEBQgFBQQEBQoHBwYIDAoMDAsKCwsNDhIQDQ4RDgsLEBYQERMUFRUVDA8XGBYUGBIUFRT\/2wBDAQMEBAUEBQkFBQkUDQsNFBQUFBQUFBQUFBQUFBQUFBQUFBQUFBQUFBQUFBQUFBQUFBQUFBQUFBQUFBQUFBQUFBT\/wgARCAARABkDASIAAhEBAxEB\/8QAGgAAAgIDAAAAAAAAAAAAAAAAAAUBBwMECP\/EABgBAAMBAQAAAAAAAAAAAAAAAAMEBQAC\/9oADAMBAAIQAxAAAAHUaL75lc0dDJGsJB0aD+pvAE8n\/8QAHhAAAQQCAwEAAAAAAAAAAAAAAwACBAUBEhUxMzT\/2gAIAQEAAQUCY\/CMQccey3VZIEGTI4+yZePbmx2ymdh97L7l\/8QAGhEAAgIDAAAAAAAAAAAAAAAAAAERMQIDMv\/aAAgBAwEBPwHGEpZVis2ds\/\/EAB0RAAEDBQEAAAAAAAAAAAAAAAABAxECBBITMUL\/2gAIAQIBAT8BZb2TKlSYrBa+hzp\/\/8QAJRAAAQIDBwUAAAAAAAAAAAAAAQIDABFBBBASFCExsgUTInJ0\/9oACAEBAAY\/At4s6CleYdJOugCbqwh13ySNcIFYz3YRaH2kyGOlYcUgzC5L2lvf1P52+EH0RxF3\/8QAHRAAAgEFAQEAAAAAAAAAAAAAAREAITFBYXEgof\/aAAgBAQABPyHbdENVYwN1WWoXt8nMBSsTDweoQA0C1XSGJ3mioI7TpLnjCt\/\/2gAMAwEAAgADAAAAEJqAff\/EABwRAQACAQUAAAAAAAAAAAAAAAEAIRExUXGhwf\/aAAgBAwEBPxDJgKiBs1cRWKM0ufGd2f\/EABkRAAMBAQEAAAAAAAAAAAAAAAABETGx8P\/aAAgBAgEBPxBdMPUc2rDgum5\/\/8QAIhABAAICAAUFAAAAAAAAAAAAAREhADEQQVFh8JGhscHh\/9oACAEBAAE\/ECJbk0feNRi6sgESkvCxUSeki8n+eS87rN5TyNs7DDCdaFTANppoRhjBvXkRGiBiL7rnZ9Dnt34zw3Xxh\/\/Z\" alt=\"Valdir Espinosa vai substituir Anderson Barros no Botafogo \u2014 Foto: Eduardo Moura\/GloboEsporte.com\" \/><picture><source srcset=\"https:\/\/s2.glbimg.com\/D-lpiqWgizbh7xSmEOGtLwXAMW0=\/0x0:5472x3648\/600x0\/smart\/filters:strip_icc()\/s.glbimg.com\/es\/ge\/f\/original\/2016\/10\/10\/img_0084.jpg 1x, https:\/\/s2.glbimg.com\/602pQL3Z9AJmPCfqhXS2e1MAeIA=\/0x0:5472x3648\/1200x0\/smart\/filters:strip_icc()\/s.glbimg.com\/es\/ge\/f\/original\/2016\/10\/10\/img_0084.jpg 2x\" media=\"(max-width: 1024px)\" data-src=\"https:\/\/s2.glbimg.com\/D-lpiqWgizbh7xSmEOGtLwXAMW0=\/0x0:5472x3648\/600x0\/smart\/filters:strip_icc()\/s.glbimg.com\/es\/ge\/f\/original\/2016\/10\/10\/img_0084.jpg 1x, https:\/\/s2.glbimg.com\/602pQL3Z9AJmPCfqhXS2e1MAeIA=\/0x0:5472x3648\/1200x0\/smart\/filters:strip_icc()\/s.glbimg.com\/es\/ge\/f\/original\/2016\/10\/10\/img_0084.jpg 2x\" \/><source srcset=\"https:\/\/s2.glbimg.com\/OsaaXXx328ZB7uBCF8RMKHJLuCY=\/0x0:5472x3648\/640x0\/smart\/filters:strip_icc()\/s.glbimg.com\/es\/ge\/f\/original\/2016\/10\/10\/img_0084.jpg 1x, https:\/\/s2.glbimg.com\/YUJcvmZ1skXFMP4fFRPX5ucHO8A=\/0x0:5472x3648\/1280x0\/smart\/filters:strip_icc()\/s.glbimg.com\/es\/ge\/f\/original\/2016\/10\/10\/img_0084.jpg 2x\" media=\"(max-width: 1280px)\" data-src=\"https:\/\/s2.glbimg.com\/OsaaXXx328ZB7uBCF8RMKHJLuCY=\/0x0:5472x3648\/640x0\/smart\/filters:strip_icc()\/s.glbimg.com\/es\/ge\/f\/original\/2016\/10\/10\/img_0084.jpg 1x, https:\/\/s2.glbimg.com\/YUJcvmZ1skXFMP4fFRPX5ucHO8A=\/0x0:5472x3648\/1280x0\/smart\/filters:strip_icc()\/s.glbimg.com\/es\/ge\/f\/original\/2016\/10\/10\/img_0084.jpg 2x\" \/><source srcset=\"https:\/\/s2.glbimg.com\/2R-NR5PHzyfKLh1OvWgSQWI1LoU=\/0x0:5472x3648\/984x0\/smart\/filters:strip_icc()\/s.glbimg.com\/es\/ge\/f\/original\/2016\/10\/10\/img_0084.jpg 1x, https:\/\/s2.glbimg.com\/VaovCgG4TcdzK1GhJoPOMwfyNSE=\/0x0:5472x3648\/1968x0\/smart\/filters:strip_icc()\/s.glbimg.com\/es\/ge\/f\/original\/2016\/10\/10\/img_0084.jpg 2x\" media=\"(max-width: 1360px)\" data-src=\"https:\/\/s2.glbimg.com\/2R-NR5PHzyfKLh1OvWgSQWI1LoU=\/0x0:5472x3648\/984x0\/smart\/filters:strip_icc()\/s.glbimg.com\/es\/ge\/f\/original\/2016\/10\/10\/img_0084.jpg 1x, https:\/\/s2.glbimg.com\/VaovCgG4TcdzK1GhJoPOMwfyNSE=\/0x0:5472x3648\/1968x0\/smart\/filters:strip_icc()\/s.glbimg.com\/es\/ge\/f\/original\/2016\/10\/10\/img_0084.jpg 2x\" \/><source srcset=\"https:\/\/s2.glbimg.com\/Rv5QXRhZ6kqUj0hKOvpGg6PrLoQ=\/0x0:5472x3648\/1000x0\/smart\/filters:strip_icc()\/s.glbimg.com\/es\/ge\/f\/original\/2016\/10\/10\/img_0084.jpg 1x, https:\/\/s2.glbimg.com\/E91W63dVru8f8n1YQUKlbMLzEYY=\/0x0:5472x3648\/2000x0\/smart\/filters:strip_icc()\/s.glbimg.com\/es\/ge\/f\/original\/2016\/10\/10\/img_0084.jpg 2x\" media=\"(min-width: 1361px)\" data-src=\"https:\/\/s2.glbimg.com\/Rv5QXRhZ6kqUj0hKOvpGg6PrLoQ=\/0x0:5472x3648\/1000x0\/smart\/filters:strip_icc()\/s.glbimg.com\/es\/ge\/f\/original\/2016\/10\/10\/img_0084.jpg 1x, https:\/\/s2.glbimg.com\/E91W63dVru8f8n1YQUKlbMLzEYY=\/0x0:5472x3648\/2000x0\/smart\/filters:strip_icc()\/s.glbimg.com\/es\/ge\/f\/original\/2016\/10\/10\/img_0084.jpg 2x\" \/><source srcset=\"https:\/\/s2.glbimg.com\/2R-NR5PHzyfKLh1OvWgSQWI1LoU=\/0x0:5472x3648\/984x0\/smart\/filters:strip_icc()\/s.glbimg.com\/es\/ge\/f\/original\/2016\/10\/10\/img_0084.jpg\" data-src=\"https:\/\/s2.glbimg.com\/2R-NR5PHzyfKLh1OvWgSQWI1LoU=\/0x0:5472x3648\/984x0\/smart\/filters:strip_icc()\/s.glbimg.com\/es\/ge\/f\/original\/2016\/10\/10\/img_0084.jpg\" \/><img decoding=\"async\" class=\"image content-media__image progressive-loaded\" title=\"Valdir Espinosa vai substituir Anderson Barros no Botafogo \u2014 Foto: Eduardo Moura\/GloboEsporte.com\" src=\"https:\/\/s2.glbimg.com\/2R-NR5PHzyfKLh1OvWgSQWI1LoU=\/0x0:5472x3648\/984x0\/smart\/filters:strip_icc()\/s.glbimg.com\/es\/ge\/f\/original\/2016\/10\/10\/img_0084.jpg\" alt=\"Valdir Espinosa vai substituir Anderson Barros no Botafogo \u2014 Foto: Eduardo Moura\/GloboEsporte.com\" data-src=\"https:\/\/s2.glbimg.com\/2R-NR5PHzyfKLh1OvWgSQWI1LoU=\/0x0:5472x3648\/984x0\/smart\/filters:strip_icc()\/s.glbimg.com\/es\/ge\/f\/original\/2016\/10\/10\/img_0084.jpg\" \/><\/picture><\/div>\n<p class=\"content-media__description \">Valdir Espinosa vai substituir Anderson Barros no Botafogo \u2014 Foto: Eduardo Moura\/GloboEsporte.com<\/p>\n<\/div>\n<\/div>\n<div class=\"mc-column content-text active-extra-styles \" data-block-type=\"unstyled\" data-block-weight=\"33\" data-block-id=\"5\">\n<p class=\"content-text__container \" data-track-category=\"Link no Texto\" data-track-links=\"\">Inicialmente, Espinosa vai tocar o departamento at\u00e9 a chegada dos investidores no modelo clube-empresa.<\/p>\n<\/div>\n","protected":false},"excerpt":{"rendered":"<p>O Botafogo acertou e anunciou nesta quinta-feira a contrata\u00e7\u00e3o de Valdir Espinosa para substituir Anderson Barros na ger\u00eancia de futebol. O acertou aconteceu nesta tarde em reuni\u00e3o do comit\u00ea de futebol. A apresenta\u00e7\u00e3o ser\u00e1 realizada no pr\u00f3ximo s\u00e1bado. &#8211; O objetivo \u00e9 dar o m\u00e1ximo para, juntamente com a comiss\u00e3o t\u00e9cnica, diretoria, jogadores e torcedores, &hellip;<\/p>\n","protected":false},"author":3,"featured_media":51901,"comment_status":"open","ping_status":"open","sticky":false,"template":"","format":"standard","meta":{"footnotes":""},"categories":[4],"tags":[],"class_list":["post-51900","post","type-post","status-publish","format-standard","has-post-thumbnail","hentry","category-ultimas-noticias"],"_links":{"self":[{"href":"https:\/\/goiasemtempo.com.br\/home\/wp-json\/wp\/v2\/posts\/51900","targetHints":{"allow":["GET"]}}],"collection":[{"href":"https:\/\/goiasemtempo.com.br\/home\/wp-json\/wp\/v2\/posts"}],"about":[{"href":"https:\/\/goiasemtempo.com.br\/home\/wp-json\/wp\/v2\/types\/post"}],"author":[{"embeddable":true,"href":"https:\/\/goiasemtempo.com.br\/home\/wp-json\/wp\/v2\/users\/3"}],"replies":[{"embeddable":true,"href":"https:\/\/goiasemtempo.com.br\/home\/wp-json\/wp\/v2\/comments?post=51900"}],"version-history":[{"count":1,"href":"https:\/\/goiasemtempo.com.br\/home\/wp-json\/wp\/v2\/posts\/51900\/revisions"}],"predecessor-version":[{"id":51902,"href":"https:\/\/goiasemtempo.com.br\/home\/wp-json\/wp\/v2\/posts\/51900\/revisions\/51902"}],"wp:featuredmedia":[{"embeddable":true,"href":"https:\/\/goiasemtempo.com.br\/home\/wp-json\/wp\/v2\/media\/51901"}],"wp:attachment":[{"href":"https:\/\/goiasemtempo.com.br\/home\/wp-json\/wp\/v2\/media?parent=51900"}],"wp:term":[{"taxonomy":"category","embeddable":true,"href":"https:\/\/goiasemtempo.com.br\/home\/wp-json\/wp\/v2\/categories?post=51900"},{"taxonomy":"post_tag","embeddable":true,"href":"https:\/\/goiasemtempo.com.br\/home\/wp-json\/wp\/v2\/tags?post=51900"}],"curies":[{"name":"wp","href":"https:\/\/api.w.org\/{rel}","templated":true}]}}