{"id":5190,"date":"2017-12-25T00:11:10","date_gmt":"2017-12-25T00:11:10","guid":{"rendered":"http:\/\/goiasemtempo.com.br\/home\/?p=5190"},"modified":"2017-12-25T00:11:10","modified_gmt":"2017-12-25T00:11:10","slug":"chile-pinera-denuncia-irregularidades-durante-votacao-no-primeiro-turno","status":"publish","type":"post","link":"https:\/\/goiasemtempo.com.br\/home\/chile-pinera-denuncia-irregularidades-durante-votacao-no-primeiro-turno\/","title":{"rendered":"Chile: Pi\u00f1era denuncia irregularidades durante vota\u00e7\u00e3o no primeiro turno"},"content":{"rendered":"<p>O ex-presidente chileno Sebasti\u00e1n Pi\u00f1era, candidato da direita a um novo mandato, denunciou nesta segunda-feira (4) irregularidades nas c\u00e9lulas de vota\u00e7\u00e3o que teriam beneficiado os candidatos de esquerda Alejandro Guillier e Beatriz S\u00e1nchez no primeiro turno de novembro passado.<\/p>\n<p>Pi\u00f1era, que em duas semanas enfrentar\u00e1 Guillier no segundo turno, afirmou em uma entrevista \u00e0 r\u00e1dio ADN que no primeiro turno a muitas pessoas foi passado um voto que estava marcado a favor de (Alejandro) Guillier ou de Beatriz S\u00e1nchez quando estavam prestes a votar.<\/p>\n<p>Presidente do Chile entre 2010 e 2014, e vencedor do primeiro turno com 36,6% dos votos, Pi\u00f1era excluiu o Servi\u00e7o Eleitoral da den\u00fancia, sem identificar um culpado concreto. Algu\u00e9m na mesa marcou o voto antes que o cidad\u00e3o pudesse expressar sua prefer\u00eancia, explicou.<\/p>\n<p>O governo e a esquerda repudiaram a den\u00fancia de Pi\u00f1era, a primeira acusa\u00e7\u00e3o sobre irregularidades em uma vota\u00e7\u00e3o feita por um candidato durante um processo eleitoral no Chile.<\/p>\n<p>O Chile tem um prest\u00edgio internacional por suas elei\u00e7\u00f5es corretas e transparentes. Sejamos respons\u00e1veis e n\u00e3o desacreditemos nossas institui\u00e7\u00f5es democr\u00e1ticas, reagiu a presidente Michelle Bachelet, em sua conta oficial do Twitter.<\/p>\n<p>N\u00e3o h\u00e1 uma den\u00fancia concreta sobre entrega de votos marcados, afirmou o presidente do Conselho Diretor do Servi\u00e7o Eleitoral, Patricio Santamar\u00eda.<\/p>\n<p>Pi\u00f1era disputar\u00e1 o segundo turno em 19 de dezembro com Alejandro Guillier, um jornalista que atrai agora o apoio de toda a coaliz\u00e3o de centro-esquerda.<\/p>\n<p>Ontem (domingo) Pi\u00f1era pedia uma campanha de respeito e hoje faz uma acusa\u00e7\u00e3o grave contra a democracia e sem fundamento, criticou Guillier em sua conta do Twitter.<\/p>\n<p>Pi\u00f1era afirmou que no segundo turno, daqui a duas semanas, e que se antecipa muito disputado, os partidos de direita ter\u00e3o representantes na maioria das mesas para evitar irregularidades. \u00c9 preciso ter olhos atentos, disse o ex-mandat\u00e1rio.<\/p>\n<p>No primeiro turno, ele se queixou de n\u00e3o ter representantes suficientes nos centros de vota\u00e7\u00e3o.<\/p>\n<p>No Chile, onde o voto \u00e9 volunt\u00e1rio, mais de 14 milh\u00f5es de pessoas est\u00e3o habilitadas a ir \u00e0s urnas.<\/p>\n","protected":false},"excerpt":{"rendered":"<p>O ex-presidente chileno Sebasti\u00e1n Pi\u00f1era, candidato da direita a um novo mandato, denunciou nesta segunda-feira (4) irregularidades nas c\u00e9lulas de vota\u00e7\u00e3o que teriam beneficiado os candidatos de esquerda Alejandro Guillier e Beatriz S\u00e1nchez no primeiro turno de novembro passado. Pi\u00f1era, que em duas semanas enfrentar\u00e1 Guillier no segundo turno, afirmou em uma entrevista \u00e0 r\u00e1dio &hellip;<\/p>\n","protected":false},"author":2,"featured_media":2322,"comment_status":"open","ping_status":"open","sticky":false,"template":"","format":"standard","meta":{"_exactmetrics_skip_tracking":false,"_exactmetrics_sitenote_active":false,"_exactmetrics_sitenote_note":"","_exactmetrics_sitenote_category":0,"footnotes":""},"categories":[4],"tags":[],"_links":{"self":[{"href":"https:\/\/goiasemtempo.com.br\/home\/wp-json\/wp\/v2\/posts\/5190"}],"collection":[{"href":"https:\/\/goiasemtempo.com.br\/home\/wp-json\/wp\/v2\/posts"}],"about":[{"href":"https:\/\/goiasemtempo.com.br\/home\/wp-json\/wp\/v2\/types\/post"}],"author":[{"embeddable":true,"href":"https:\/\/goiasemtempo.com.br\/home\/wp-json\/wp\/v2\/users\/2"}],"replies":[{"embeddable":true,"href":"https:\/\/goiasemtempo.com.br\/home\/wp-json\/wp\/v2\/comments?post=5190"}],"version-history":[{"count":1,"href":"https:\/\/goiasemtempo.com.br\/home\/wp-json\/wp\/v2\/posts\/5190\/revisions"}],"predecessor-version":[{"id":5191,"href":"https:\/\/goiasemtempo.com.br\/home\/wp-json\/wp\/v2\/posts\/5190\/revisions\/5191"}],"wp:featuredmedia":[{"embeddable":true,"href":"https:\/\/goiasemtempo.com.br\/home\/wp-json\/wp\/v2\/media\/2322"}],"wp:attachment":[{"href":"https:\/\/goiasemtempo.com.br\/home\/wp-json\/wp\/v2\/media?parent=5190"}],"wp:term":[{"taxonomy":"category","embeddable":true,"href":"https:\/\/goiasemtempo.com.br\/home\/wp-json\/wp\/v2\/categories?post=5190"},{"taxonomy":"post_tag","embeddable":true,"href":"https:\/\/goiasemtempo.com.br\/home\/wp-json\/wp\/v2\/tags?post=5190"}],"curies":[{"name":"wp","href":"https:\/\/api.w.org\/{rel}","templated":true}]}}