{"id":51726,"date":"2019-12-03T00:15:17","date_gmt":"2019-12-03T00:15:17","guid":{"rendered":"http:\/\/goiasemtempo.com.br\/home\/?p=51726"},"modified":"2019-12-03T00:15:17","modified_gmt":"2019-12-03T00:15:17","slug":"justica-suspende-eleicoes-na-apae-de-porangatu","status":"publish","type":"post","link":"https:\/\/goiasemtempo.com.br\/home\/justica-suspende-eleicoes-na-apae-de-porangatu\/","title":{"rendered":"Justi\u00e7a suspende elei\u00e7\u00f5es na Apae de Porangatu"},"content":{"rendered":"<p>O juiz Ronny Andre Wachtel, em substitui\u00e7\u00e3o na 2\u00aa Vara de Porangatu, concedeu liminar, em a\u00e7\u00e3o civil p\u00fablica (ACP) ajuizada pelo Minist\u00e9rio P\u00fablico de Goi\u00e1s (MP-GO), por interm\u00e9dio da 1\u00aa Promotoria de Justi\u00e7a da comarca, suspendendo as elei\u00e7\u00f5es para a diretoria da Associa\u00e7\u00e3o dos Pais e Amigos dos Excepcionais (Apae) da cidade, que seria realizada na quinta-feira (dia 28). O pleito foi remarcado para o dia 10 de dezembro, das 8 \u00e0s 14 horas.<\/p>\n<p>Na ACP, o promotor de Justi\u00e7a Wilson Nunes L\u00facio afirmou ter recebido representa\u00e7\u00e3o de Patr\u00edcia Marques Bigheti, noticiando que a chapa Renova\u00e7\u00e3o, por ela encabe\u00e7ada, teve inscri\u00e7\u00e3o indeferida pela Comiss\u00e3o Eleitoral da Apae. O indeferimento teria ocorrido devido \u00e0 desist\u00eancia de tr\u00eas candidatos \u00e0 diretoria da chapa ap\u00f3s o registro, mesmo havendo a substitui\u00e7\u00e3o.<\/p>\n<p>Segundo Wilson L\u00facio, a informa\u00e7\u00e3o \u00e9 de que os candidatos foram induzidos a desistir das candidaturas e, depois de encaminharem termo de desist\u00eancia \u00e0 Comiss\u00e3o Eleitoral, a chapa n\u00e3o foi notificada para regulariza\u00e7\u00e3o da composi\u00e7\u00e3o. Mesmo assim, os membros desistentes foram substitu\u00eddos, o que n\u00e3o foi aceito e a impugna\u00e7\u00e3o foi mantida. \u201cEm qualquer elei\u00e7\u00e3o \u00e9 perfeitamente admiss\u00edvel a substitui\u00e7\u00e3o de membros de uma chapa, desde que feito em tempo h\u00e1bil, para garantir o m\u00e1ximo de concorr\u00eancia ao pleito\u201d, afirmou.<\/p>\n<p>O promotor de Justi\u00e7a afirmou tamb\u00e9m que v\u00e1rios \u00e1udios mostraram a inger\u00eancia da atual presidente da Apae e da candidata a sucessora, visando \u00e0 desist\u00eancia de membros da chapa de oposi\u00e7\u00e3o. Wilson L\u00facio afirmou tamb\u00e9m que a entidade n\u00e3o respondeu aos of\u00edcios solicitando explica\u00e7\u00f5es sobre o processo eleitoral. Reiterou que o objetivo da ACP \u00e9 apenas assegurar a transpar\u00eancia na sucess\u00e3o da diretoria de uma entidade importante para a comunidade de Porangatu.<\/p>\n<p>Ao proferir a decis\u00e3o, Ronny Wachtel afirmou que ficou demonstrado que a realiza\u00e7\u00e3o da elei\u00e7\u00e3o sem a participa\u00e7\u00e3o da chapa Renova\u00e7\u00e3o ocorreria sem a devida transpar\u00eancia. No entendimento do magistrado, a ACP foi proposta para garantir a transpar\u00eancia do pleito e permitir a sua realiza\u00e7\u00e3o \u201cseria como oferecer-lhe novas oportunidades de agir em detrimento ao processo eleitoral e de interferir na colheita das provas durante a instru\u00e7\u00e3o processual\u201d. A suspens\u00e3o da elei\u00e7\u00e3o, de acordo com ele, possibilitar\u00e1 a an\u00e1lise de todo o processo eleitoral, nos moldes previstos no estatuto da associa\u00e7\u00e3o.<\/p>\n<p><em>Jo\u00e3o Carlos de Faria\/Foto: Jo\u00e3o S\u00e9rgio Ara\u00fajo \u2013 Assessoria de Comunica\u00e7\u00e3o Social do MP-GO)<\/em><\/p>\n","protected":false},"excerpt":{"rendered":"<p>O juiz Ronny Andre Wachtel, em substitui\u00e7\u00e3o na 2\u00aa Vara de Porangatu, concedeu liminar, em a\u00e7\u00e3o civil p\u00fablica (ACP) ajuizada pelo Minist\u00e9rio P\u00fablico de Goi\u00e1s (MP-GO), por interm\u00e9dio da 1\u00aa Promotoria de Justi\u00e7a da comarca, suspendendo as elei\u00e7\u00f5es para a diretoria da Associa\u00e7\u00e3o dos Pais e Amigos dos Excepcionais (Apae) da cidade, que seria realizada &hellip;<\/p>\n","protected":false},"author":3,"featured_media":51727,"comment_status":"open","ping_status":"open","sticky":false,"template":"","format":"standard","meta":{"_exactmetrics_skip_tracking":false,"_exactmetrics_sitenote_active":false,"_exactmetrics_sitenote_note":"","_exactmetrics_sitenote_category":0,"footnotes":""},"categories":[7],"tags":[],"_links":{"self":[{"href":"https:\/\/goiasemtempo.com.br\/home\/wp-json\/wp\/v2\/posts\/51726"}],"collection":[{"href":"https:\/\/goiasemtempo.com.br\/home\/wp-json\/wp\/v2\/posts"}],"about":[{"href":"https:\/\/goiasemtempo.com.br\/home\/wp-json\/wp\/v2\/types\/post"}],"author":[{"embeddable":true,"href":"https:\/\/goiasemtempo.com.br\/home\/wp-json\/wp\/v2\/users\/3"}],"replies":[{"embeddable":true,"href":"https:\/\/goiasemtempo.com.br\/home\/wp-json\/wp\/v2\/comments?post=51726"}],"version-history":[{"count":1,"href":"https:\/\/goiasemtempo.com.br\/home\/wp-json\/wp\/v2\/posts\/51726\/revisions"}],"predecessor-version":[{"id":51728,"href":"https:\/\/goiasemtempo.com.br\/home\/wp-json\/wp\/v2\/posts\/51726\/revisions\/51728"}],"wp:featuredmedia":[{"embeddable":true,"href":"https:\/\/goiasemtempo.com.br\/home\/wp-json\/wp\/v2\/media\/51727"}],"wp:attachment":[{"href":"https:\/\/goiasemtempo.com.br\/home\/wp-json\/wp\/v2\/media?parent=51726"}],"wp:term":[{"taxonomy":"category","embeddable":true,"href":"https:\/\/goiasemtempo.com.br\/home\/wp-json\/wp\/v2\/categories?post=51726"},{"taxonomy":"post_tag","embeddable":true,"href":"https:\/\/goiasemtempo.com.br\/home\/wp-json\/wp\/v2\/tags?post=51726"}],"curies":[{"name":"wp","href":"https:\/\/api.w.org\/{rel}","templated":true}]}}