{"id":51683,"date":"2019-11-26T00:24:12","date_gmt":"2019-11-26T00:24:12","guid":{"rendered":"http:\/\/goiasemtempo.com.br\/home\/?p=51683"},"modified":"2019-11-26T00:24:12","modified_gmt":"2019-11-26T00:24:12","slug":"unesco-estabelece-o-dia-mundial-da-lingua-portuguesa","status":"publish","type":"post","link":"https:\/\/goiasemtempo.com.br\/home\/unesco-estabelece-o-dia-mundial-da-lingua-portuguesa\/","title":{"rendered":"Unesco estabelece o Dia Mundial da L\u00edngua Portuguesa"},"content":{"rendered":"<p>A Unesco ratificou o dia 5 de maio como Dia Mundial da L\u00edngua Portuguesa.\u00a0A decis\u00e3o ocorreu hoje (25), em Paris, durante a assembleia-geral da Organiza\u00e7\u00e3o das Na\u00e7\u00f5es Unidas para a Educa\u00e7\u00e3o, Ci\u00eancia e Cultura.<\/p>\n<p>A cerim\u00f4nia levou o primeiro-ministro portugu\u00eas, Ant\u00f4nio Costa, \u00e0 capital francesa.<strong>\u00a0<\/strong>&#8220;\u00c9 um passo muito importante para as 260 milh\u00f5es de pessoas que t\u00eam o portugu\u00eas com l\u00edngua oficial e que \u00e9 hoje a l\u00edngua mais falada no hemisf\u00e9rio Sul&#8221;, disse o primeiro-ministro.<\/p>\n<p>Ant\u00f4nio Costa real\u00e7ou que a l\u00edngua portuguesa vai ter &#8220;um forte crescimento&#8221;. Segundo ele,\u00a0no final do s\u00e9culo 500 milh\u00f5es\u00a0de pessoas v\u00e3o falar portugu\u00eas,\u00a0 &#8220;l\u00edngua cada vez mais global&#8221;.<\/p>\n<p>\u00c9, por essa raz\u00e3o, uma &#8220;prioridade fundamental na pol\u00edtica externa portuguesa&#8221;, prosseguiu Ant\u00f4nio Costa.<\/p>\n<p>Sobre o reconhecimento da Unesco do 5 de maio como dia oficial da l\u00edngua portuguesa, o primeiro-ministro disse tratar-se de algo &#8220;muito importante porque \u00e9 o reconhecimento desta dimens\u00e3o global numa l\u00edngua que \u00e9 falada oficialmente em nove pa\u00edses, em quatro continentes e que \u00e9 a quinta l\u00edngua mais utilizada no espa\u00e7o da internet&#8221;.<\/p>\n","protected":false},"excerpt":{"rendered":"<p>A Unesco ratificou o dia 5 de maio como Dia Mundial da L\u00edngua Portuguesa.\u00a0A decis\u00e3o ocorreu hoje (25), em Paris, durante a assembleia-geral da Organiza\u00e7\u00e3o das Na\u00e7\u00f5es Unidas para a Educa\u00e7\u00e3o, Ci\u00eancia e Cultura. A cerim\u00f4nia levou o primeiro-ministro portugu\u00eas, Ant\u00f4nio Costa, \u00e0 capital francesa.\u00a0&#8220;\u00c9 um passo muito importante para as 260 milh\u00f5es de pessoas &hellip;<\/p>\n","protected":false},"author":3,"featured_media":51684,"comment_status":"open","ping_status":"open","sticky":false,"template":"","format":"standard","meta":{"_exactmetrics_skip_tracking":false,"_exactmetrics_sitenote_active":false,"_exactmetrics_sitenote_note":"","_exactmetrics_sitenote_category":0,"footnotes":""},"categories":[32],"tags":[],"_links":{"self":[{"href":"https:\/\/goiasemtempo.com.br\/home\/wp-json\/wp\/v2\/posts\/51683"}],"collection":[{"href":"https:\/\/goiasemtempo.com.br\/home\/wp-json\/wp\/v2\/posts"}],"about":[{"href":"https:\/\/goiasemtempo.com.br\/home\/wp-json\/wp\/v2\/types\/post"}],"author":[{"embeddable":true,"href":"https:\/\/goiasemtempo.com.br\/home\/wp-json\/wp\/v2\/users\/3"}],"replies":[{"embeddable":true,"href":"https:\/\/goiasemtempo.com.br\/home\/wp-json\/wp\/v2\/comments?post=51683"}],"version-history":[{"count":1,"href":"https:\/\/goiasemtempo.com.br\/home\/wp-json\/wp\/v2\/posts\/51683\/revisions"}],"predecessor-version":[{"id":51685,"href":"https:\/\/goiasemtempo.com.br\/home\/wp-json\/wp\/v2\/posts\/51683\/revisions\/51685"}],"wp:featuredmedia":[{"embeddable":true,"href":"https:\/\/goiasemtempo.com.br\/home\/wp-json\/wp\/v2\/media\/51684"}],"wp:attachment":[{"href":"https:\/\/goiasemtempo.com.br\/home\/wp-json\/wp\/v2\/media?parent=51683"}],"wp:term":[{"taxonomy":"category","embeddable":true,"href":"https:\/\/goiasemtempo.com.br\/home\/wp-json\/wp\/v2\/categories?post=51683"},{"taxonomy":"post_tag","embeddable":true,"href":"https:\/\/goiasemtempo.com.br\/home\/wp-json\/wp\/v2\/tags?post=51683"}],"curies":[{"name":"wp","href":"https:\/\/api.w.org\/{rel}","templated":true}]}}