{"id":51574,"date":"2019-11-16T02:31:54","date_gmt":"2019-11-16T02:31:54","guid":{"rendered":"http:\/\/goiasemtempo.com.br\/home\/?p=51574"},"modified":"2019-11-16T02:33:52","modified_gmt":"2019-11-16T02:33:52","slug":"caiado-perde-a-paciencia-com-a-enel-e-diz-que-negociacao-com-a-empresa-ja-se-esgotou","status":"publish","type":"post","link":"https:\/\/goiasemtempo.com.br\/home\/caiado-perde-a-paciencia-com-a-enel-e-diz-que-negociacao-com-a-empresa-ja-se-esgotou\/","title":{"rendered":"Caiado perde a paci\u00eancia com a Enel e diz que negocia\u00e7\u00e3o com a empresa j\u00e1 se esgotou"},"content":{"rendered":"<p>O governador de Goi\u00e1s Ronaldo Caiado voltou a criticar a qualidade do servi\u00e7o prestado pela Enel. De acordo com ele, a empresa n\u00e3o vem cumprindo o plano de medidas que foi acordado para atender os consumidores goianos.<\/p>\n<p>Conforme Caiado, a distribuidora tem causado preju\u00edzos em todo o estado por conta da falta de energia. O governador destacou que ir\u00e1 \u201cenfrentar o problema de frente\u201d. \u201cVoc\u00eas podem ter certeza, n\u00f3s estamos aqui \u00e9 para defender o Estado de Goi\u00e1s&#8221;, afirmou. As queixas tamb\u00e9m partiram de deputados estaduais na Assembleia Legislativa, que compararam a empresa a um c\u00e2ncer.<\/p>\n<div id=\"P_DIARIO_DE_GOIAS_OUTSTREAM026642415916802586\" class=\"ppIntext\" data-premium=\"\" data-adunit=\"DIARIO_DE_GOIAS_OUTSTREAM\" data-sizes-mobile=\"[[336,280],[300,250]] \" data-sizes-desktop=\"[[640,360],[640,480],[580,400],[336,280],[300,250],[1,1]]\" data-type=\"outstream\" data-fetch=\"true\" data-google-query-id=\"CNvmz4rX7eUCFYRkwQody-EEPQ\">\n<div id=\"google_ads_iframe_\/221558719\/DIARIO_DE_GOIAS_OUTSTREAM_0__container__\">At\u00e9 outubro de 2019, o Procon Goi\u00e1s registrou aumento de quase 50% no n\u00famero de reclama\u00e7\u00f5es contra a empresa. De acordo com Caiado, todos est\u00e3o sofrendo com o problema. \u201c\u00c9 o produtor rural, o cidad\u00e3o urbano, empresas pequenas, de m\u00e9dio e grande porte. Todo mundo est\u00e1 sofrendo duramente\u201d, lembrou o governador. \u201cA falta de energia \u00e9 generalizada. Todo mundo est\u00e1 jogando mercadoria fora\u201d, completou<\/div>\n<\/div>\n<p>Por conta dessa situa\u00e7\u00e3o, o chefe do Executivo disse que pediu ajuda ao presidente Jair Bolsonaro, j\u00e1 que o setor el\u00e9trico \u00e9 regulado pela Ag\u00eancia Nacional de Energia El\u00e9trica (Aneel). \u201cJ\u00e1 esgotou todo e qualquer tipo de negocia\u00e7\u00e3o do Estado com a Enel. N\u00e3o tem mais como mantermos essa situa\u00e7\u00e3o. Eles assinaram um documento conosco, com a presen\u00e7a do ministro [de Minas e Energia, Bento Albuquerque], e do presidente da C\u00e2mara, [Rodrigo Maia]. Todos os diretores de alto escal\u00e3o da Am\u00e9rica Latina falando pela empresa e depois nada acontece. O processo agravou ainda mais do que era\u201d, protestou.<\/p>\n<p>O governador se refere ao plano de investimento e acordo que foi assinado em agosto deste ano, em que Enel se comprometeu a ampliar a capacidade da rede e distribui\u00e7\u00e3o de energia. Uma das principais a\u00e7\u00f5es da Enel, de curto prazo, previa a libera\u00e7\u00e3o de carga e possibilidade de novas liga\u00e7\u00f5es sem a troca de transformadores.<\/p>\n<p>Al\u00e9m disso, o documento estabeleceu a constru\u00e7\u00e3o e amplia\u00e7\u00e3o de v\u00e1rias subesta\u00e7\u00f5es de energia por todo o estado. Mas, at\u00e9 agora o que se v\u00ea s\u00e3o reclama\u00e7\u00f5es de todos os lados. A falta de energia em alguns casos ultrapassa o prazo de uma semana, provocado preju\u00edzo para produtores, consumidores em geral e empres\u00e1rios.<\/p>\n<p>Com Ag\u00eancia de Not\u00edcias\/DGoi\u00e1s<\/p>\n","protected":false},"excerpt":{"rendered":"<p>O governador de Goi\u00e1s Ronaldo Caiado voltou a criticar a qualidade do servi\u00e7o prestado pela Enel. De acordo com ele, a empresa n\u00e3o vem cumprindo o plano de medidas que foi acordado para atender os consumidores goianos. Conforme Caiado, a distribuidora tem causado preju\u00edzos em todo o estado por conta da falta de energia. O &hellip;<\/p>\n","protected":false},"author":3,"featured_media":51575,"comment_status":"open","ping_status":"open","sticky":false,"template":"","format":"standard","meta":{"_exactmetrics_skip_tracking":false,"_exactmetrics_sitenote_active":false,"_exactmetrics_sitenote_note":"","_exactmetrics_sitenote_category":0,"footnotes":""},"categories":[15],"tags":[],"_links":{"self":[{"href":"https:\/\/goiasemtempo.com.br\/home\/wp-json\/wp\/v2\/posts\/51574"}],"collection":[{"href":"https:\/\/goiasemtempo.com.br\/home\/wp-json\/wp\/v2\/posts"}],"about":[{"href":"https:\/\/goiasemtempo.com.br\/home\/wp-json\/wp\/v2\/types\/post"}],"author":[{"embeddable":true,"href":"https:\/\/goiasemtempo.com.br\/home\/wp-json\/wp\/v2\/users\/3"}],"replies":[{"embeddable":true,"href":"https:\/\/goiasemtempo.com.br\/home\/wp-json\/wp\/v2\/comments?post=51574"}],"version-history":[{"count":4,"href":"https:\/\/goiasemtempo.com.br\/home\/wp-json\/wp\/v2\/posts\/51574\/revisions"}],"predecessor-version":[{"id":51579,"href":"https:\/\/goiasemtempo.com.br\/home\/wp-json\/wp\/v2\/posts\/51574\/revisions\/51579"}],"wp:featuredmedia":[{"embeddable":true,"href":"https:\/\/goiasemtempo.com.br\/home\/wp-json\/wp\/v2\/media\/51575"}],"wp:attachment":[{"href":"https:\/\/goiasemtempo.com.br\/home\/wp-json\/wp\/v2\/media?parent=51574"}],"wp:term":[{"taxonomy":"category","embeddable":true,"href":"https:\/\/goiasemtempo.com.br\/home\/wp-json\/wp\/v2\/categories?post=51574"},{"taxonomy":"post_tag","embeddable":true,"href":"https:\/\/goiasemtempo.com.br\/home\/wp-json\/wp\/v2\/tags?post=51574"}],"curies":[{"name":"wp","href":"https:\/\/api.w.org\/{rel}","templated":true}]}}