{"id":51060,"date":"2019-10-14T20:33:37","date_gmt":"2019-10-14T20:33:37","guid":{"rendered":"http:\/\/goiasemtempo.com.br\/home\/?p=51060"},"modified":"2019-10-14T22:23:06","modified_gmt":"2019-10-14T22:23:06","slug":"secretario-descarta-acia-na-gestao-do-centro-de-convencoese-prepara-espaco-compartilhado","status":"publish","type":"post","link":"https:\/\/goiasemtempo.com.br\/home\/secretario-descarta-acia-na-gestao-do-centro-de-convencoese-prepara-espaco-compartilhado\/","title":{"rendered":"Secret\u00e1rio descarta ACIA na gest\u00e3o do Centro de Conven\u00e7\u00f5es,e prepara espa\u00e7o compartilhado"},"content":{"rendered":"<p>O Centro de Conven\u00e7\u00f5es de Goi\u00e1s, instalado em An\u00e1polis, ter\u00e1 gest\u00e3o compartilhada por v\u00e1rias institui\u00e7\u00f5es, segundo informou o secret\u00e1rio de Desenvolvimento Econ\u00f4mico de Goi\u00e1s, Adriano da Rocha Lima .Segundo ele,a estrutura do centro de conven\u00e7\u00f5es abrigar\u00e1 o parque tecnol\u00f3gico, um centro de inova\u00e7\u00e3o e unidades relacionadas \u00e0 Universidade Estadual de Goi\u00e1s e Universidade Federal de Goi\u00e1s, al\u00e9m dos centros de gest\u00e3o da Plataforma Log\u00edstica e Aeroporto de Cargas.<\/p>\n<p>O secret\u00e1rio Rocha Lima, deixou claro que n\u00e3o tem perspectiva de \u00eaxito a tentativa da diretoria da ACIA de assumir a gest\u00e3o daquele espa\u00e7o,a entidade ter\u00e1 uma participa\u00e7\u00e3o na forma compartilhada de gest\u00e3o. Ainda segundo o secret\u00e1rio,o Centro Conven\u00e7\u00f5es n\u00e3o tem previs\u00e3o de quando ser\u00e1 usado na plenitude dentro da fun\u00e7\u00e3o para a qual ele foi criado.<\/p>\n<p>O secret\u00e1rio de Desenvolvimento Econ\u00f4mico informou que o formato jur\u00eddico est\u00e1 em estudo e que o Governo do Estado elabora o projeto para ocupa\u00e7\u00e3o daquela estrutura.<\/p>\n<p><em>Por: Marcus Vinicius Isaac<\/em><\/p>\n","protected":false},"excerpt":{"rendered":"<p>O Centro de Conven\u00e7\u00f5es de Goi\u00e1s, instalado em An\u00e1polis, ter\u00e1 gest\u00e3o compartilhada por v\u00e1rias institui\u00e7\u00f5es, segundo informou o secret\u00e1rio de Desenvolvimento Econ\u00f4mico de Goi\u00e1s, Adriano da Rocha Lima .Segundo ele,a estrutura do centro de conven\u00e7\u00f5es abrigar\u00e1 o parque tecnol\u00f3gico, um centro de inova\u00e7\u00e3o e unidades relacionadas \u00e0 Universidade Estadual de Goi\u00e1s e Universidade Federal de &hellip;<\/p>\n","protected":false},"author":3,"featured_media":51084,"comment_status":"open","ping_status":"open","sticky":false,"template":"","format":"standard","meta":{"_exactmetrics_skip_tracking":false,"_exactmetrics_sitenote_active":false,"_exactmetrics_sitenote_note":"","_exactmetrics_sitenote_category":0,"footnotes":""},"categories":[19],"tags":[],"_links":{"self":[{"href":"https:\/\/goiasemtempo.com.br\/home\/wp-json\/wp\/v2\/posts\/51060"}],"collection":[{"href":"https:\/\/goiasemtempo.com.br\/home\/wp-json\/wp\/v2\/posts"}],"about":[{"href":"https:\/\/goiasemtempo.com.br\/home\/wp-json\/wp\/v2\/types\/post"}],"author":[{"embeddable":true,"href":"https:\/\/goiasemtempo.com.br\/home\/wp-json\/wp\/v2\/users\/3"}],"replies":[{"embeddable":true,"href":"https:\/\/goiasemtempo.com.br\/home\/wp-json\/wp\/v2\/comments?post=51060"}],"version-history":[{"count":1,"href":"https:\/\/goiasemtempo.com.br\/home\/wp-json\/wp\/v2\/posts\/51060\/revisions"}],"predecessor-version":[{"id":51062,"href":"https:\/\/goiasemtempo.com.br\/home\/wp-json\/wp\/v2\/posts\/51060\/revisions\/51062"}],"wp:featuredmedia":[{"embeddable":true,"href":"https:\/\/goiasemtempo.com.br\/home\/wp-json\/wp\/v2\/media\/51084"}],"wp:attachment":[{"href":"https:\/\/goiasemtempo.com.br\/home\/wp-json\/wp\/v2\/media?parent=51060"}],"wp:term":[{"taxonomy":"category","embeddable":true,"href":"https:\/\/goiasemtempo.com.br\/home\/wp-json\/wp\/v2\/categories?post=51060"},{"taxonomy":"post_tag","embeddable":true,"href":"https:\/\/goiasemtempo.com.br\/home\/wp-json\/wp\/v2\/tags?post=51060"}],"curies":[{"name":"wp","href":"https:\/\/api.w.org\/{rel}","templated":true}]}}