{"id":50979,"date":"2019-10-06T18:23:29","date_gmt":"2019-10-06T18:23:29","guid":{"rendered":"http:\/\/goiasemtempo.com.br\/home\/?p=50979"},"modified":"2019-10-06T18:23:29","modified_gmt":"2019-10-06T18:23:29","slug":"meu-candidato-em-2022-e-bolsonaro-afirma-moro-demonstrando-lealdade","status":"publish","type":"post","link":"https:\/\/goiasemtempo.com.br\/home\/meu-candidato-em-2022-e-bolsonaro-afirma-moro-demonstrando-lealdade\/","title":{"rendered":"\u2018Meu candidato em 2022 \u00e9 Bolsonaro\u2019, afirma Moro, demonstrando lealdade"},"content":{"rendered":"<p>O ministro\u00a0<strong>Sergio Moro<\/strong>\u00a0classifica como \u201cintrigas\u201d as especula\u00e7\u00f5es sobre uma eventual candidatura \u00e0 Presid\u00eancia da Rep\u00fablica em 2022. Embora melhor avaliado que o pr\u00f3prio presidente em pesquisas de opini\u00e3o, ele diz, em entrevista exclusiva para a\u00a0<a href=\"https:\/\/veja.abril.com.br\/politica\/sergio-moro-brasilia-e-cheia-de-intrigas\/\" target=\"_blank\" rel=\"noopener\" data-id=\"138\" data-m=\"{&quot;i&quot;:138,&quot;p&quot;:76,&quot;n&quot;:&quot;partnerLink&quot;,&quot;y&quot;:24,&quot;o&quot;:4}\">reportagem de capa<\/a>\u00a0de VEJA desta semana, que n\u00e3o cogita concorrer ao cargo por \u201cuma quest\u00e3o de dever de lealdade\u201d a Bolsonaro e por n\u00e3o ter um \u201cperfil pol\u00edtico-partid\u00e1rio\u201d.<\/p>\n<p>\u201cComo \u00e9 que voc\u00ea vai entrar no governo e vai concorrer com o pol\u00edtico que o convidou para participar?\u201d, questiona Moro. \u201cMeu candidato em 2022 \u00e9 o presidente Bolsonaro e pretendo fazer um bom trabalho como ministro at\u00e9 o fim\u201d, assegura o ex-juiz respons\u00e1vel pela opera\u00e7\u00e3o Lava Jato\u00a0\u2014\u00a0que refuta qualquer hip\u00f3tese de se filiar a algum partido ou mesmo de integrar uma chapa como vice.<\/p>\n<p>A VEJA, o ministro nega qualquer excesso na condu\u00e7\u00e3o da Lava Jato, diz que \u2018Lula est\u00e1 preso porque cometeu crimes\u201d, afirma que n\u00e3o h\u00e1 qualquer ilegalidade no conte\u00fado das mensagens vazadas pelo site\u00a0<em>The Intercept\u00a0<\/em>e volta a colocar em d\u00favida a veracidade desses di\u00e1logos. Moro comenta, ainda, a\u00a0<a href=\"https:\/\/veja.abril.com.br\/politica\/stf-adia-decisao-sobre-tese-que-pode-anular-processos-da-lava-jato\/\" target=\"_blank\" rel=\"noopener\" data-id=\"140\" data-m=\"{&quot;i&quot;:140,&quot;p&quot;:76,&quot;n&quot;:&quot;partnerLink&quot;,&quot;y&quot;:24,&quot;o&quot;:6}\">decis\u00e3o do STF<\/a>\u00a0que pode anular condena\u00e7\u00f5es que ele pr\u00f3prio deferiu, analisa a Lei de Abuso de Autoridade e fala sobre sua rela\u00e7\u00e3o com o presidente Jair Bolsonaro,\u00a0entre outros assuntos.<\/p>\n<p>&nbsp;<\/p>\n","protected":false},"excerpt":{"rendered":"<p>O ministro\u00a0Sergio Moro\u00a0classifica como \u201cintrigas\u201d as especula\u00e7\u00f5es sobre uma eventual candidatura \u00e0 Presid\u00eancia da Rep\u00fablica em 2022. Embora melhor avaliado que o pr\u00f3prio presidente em pesquisas de opini\u00e3o, ele diz, em entrevista exclusiva para a\u00a0reportagem de capa\u00a0de VEJA desta semana, que n\u00e3o cogita concorrer ao cargo por \u201cuma quest\u00e3o de dever de lealdade\u201d a Bolsonaro &hellip;<\/p>\n","protected":false},"author":3,"featured_media":50980,"comment_status":"open","ping_status":"open","sticky":false,"template":"","format":"standard","meta":{"_exactmetrics_skip_tracking":false,"_exactmetrics_sitenote_active":false,"_exactmetrics_sitenote_note":"","_exactmetrics_sitenote_category":0,"footnotes":""},"categories":[2],"tags":[],"_links":{"self":[{"href":"https:\/\/goiasemtempo.com.br\/home\/wp-json\/wp\/v2\/posts\/50979"}],"collection":[{"href":"https:\/\/goiasemtempo.com.br\/home\/wp-json\/wp\/v2\/posts"}],"about":[{"href":"https:\/\/goiasemtempo.com.br\/home\/wp-json\/wp\/v2\/types\/post"}],"author":[{"embeddable":true,"href":"https:\/\/goiasemtempo.com.br\/home\/wp-json\/wp\/v2\/users\/3"}],"replies":[{"embeddable":true,"href":"https:\/\/goiasemtempo.com.br\/home\/wp-json\/wp\/v2\/comments?post=50979"}],"version-history":[{"count":1,"href":"https:\/\/goiasemtempo.com.br\/home\/wp-json\/wp\/v2\/posts\/50979\/revisions"}],"predecessor-version":[{"id":50981,"href":"https:\/\/goiasemtempo.com.br\/home\/wp-json\/wp\/v2\/posts\/50979\/revisions\/50981"}],"wp:featuredmedia":[{"embeddable":true,"href":"https:\/\/goiasemtempo.com.br\/home\/wp-json\/wp\/v2\/media\/50980"}],"wp:attachment":[{"href":"https:\/\/goiasemtempo.com.br\/home\/wp-json\/wp\/v2\/media?parent=50979"}],"wp:term":[{"taxonomy":"category","embeddable":true,"href":"https:\/\/goiasemtempo.com.br\/home\/wp-json\/wp\/v2\/categories?post=50979"},{"taxonomy":"post_tag","embeddable":true,"href":"https:\/\/goiasemtempo.com.br\/home\/wp-json\/wp\/v2\/tags?post=50979"}],"curies":[{"name":"wp","href":"https:\/\/api.w.org\/{rel}","templated":true}]}}