{"id":50914,"date":"2019-10-02T20:25:24","date_gmt":"2019-10-02T20:25:24","guid":{"rendered":"http:\/\/goiasemtempo.com.br\/home\/?p=50914"},"modified":"2019-10-04T04:23:06","modified_gmt":"2019-10-04T04:23:06","slug":"sabotagem-dentro-do-governo-caiado-pode-levar-a-acia-a-desistir-do-centro-de-convencoes-e-aceitar-convite-de-roberto-naves","status":"publish","type":"post","link":"https:\/\/goiasemtempo.com.br\/home\/sabotagem-dentro-do-governo-caiado-pode-levar-a-acia-a-desistir-do-centro-de-convencoes-e-aceitar-convite-de-roberto-naves\/","title":{"rendered":"Sabotagem dentro do governo pode levar ACIA a desistir do Centro de Conven\u00e7\u00f5es de An\u00e1polis"},"content":{"rendered":"<p>A excessiva burocracia e a m\u00e1 vontade de pessoas ligadas ao governador Ronaldo Caiado praticamente sepultaram o projeto da Associa\u00e7\u00e3o Comercial e Industrial de An\u00e1polis de assumir o Centro de Conven\u00e7\u00f5es.<\/p>\n<p>Em diferentes momentos e negocia\u00e7\u00f5es o governo do Estado, por agentes de peso como o secret\u00e1rio da Ind\u00fastria e Com\u00e9rcio, Wilder Morais e o governador Caiado, deram sinais positivos a transfer\u00eancia daquela estrutura para a Associa\u00e7\u00e3o Comercial. Estava nos planos da ACIA, explorar o Centro de Conven\u00e7\u00f5es para a realiza\u00e7\u00e3o de eventos e instalar em seus dom\u00ednios o Parque Tecnol\u00f3gico. Mas, os sinais emitidos n\u00e3o s\u00e3o positivos, segundo an\u00e1lise do ex-presidente da ACIA, Anast\u00e1cios Ap\u00f3stolos D\u00e1gios.<\/p>\n<p>Ap\u00f3stolos v\u00ea sabotagem ao projeto pelo secret\u00e1rio Adriano Rocha, de Desenvolvimento Econ\u00f4mico; e do presidente do DEM em An\u00e1polis, Carlos Cesar Toledo. O plano alternativo da ACIA \u00e9 aceitar o convite do prefeito Roberto Naves e instalar o Parque Tecnol\u00f3gico no Centro Administrativo do Clube Ipiranga.<\/p>\n<p>Por: <em>Marcus Vinicius Isaac<\/em><\/p>\n","protected":false},"excerpt":{"rendered":"<p>A excessiva burocracia e a m\u00e1 vontade de pessoas ligadas ao governador Ronaldo Caiado praticamente sepultaram o projeto da Associa\u00e7\u00e3o Comercial e Industrial de An\u00e1polis de assumir o Centro de Conven\u00e7\u00f5es. Em diferentes momentos e negocia\u00e7\u00f5es o governo do Estado, por agentes de peso como o secret\u00e1rio da Ind\u00fastria e Com\u00e9rcio, Wilder Morais e o &hellip;<\/p>\n","protected":false},"author":3,"featured_media":50915,"comment_status":"open","ping_status":"open","sticky":false,"template":"","format":"standard","meta":{"_exactmetrics_skip_tracking":false,"_exactmetrics_sitenote_active":false,"_exactmetrics_sitenote_note":"","_exactmetrics_sitenote_category":0,"footnotes":""},"categories":[19],"tags":[],"_links":{"self":[{"href":"https:\/\/goiasemtempo.com.br\/home\/wp-json\/wp\/v2\/posts\/50914"}],"collection":[{"href":"https:\/\/goiasemtempo.com.br\/home\/wp-json\/wp\/v2\/posts"}],"about":[{"href":"https:\/\/goiasemtempo.com.br\/home\/wp-json\/wp\/v2\/types\/post"}],"author":[{"embeddable":true,"href":"https:\/\/goiasemtempo.com.br\/home\/wp-json\/wp\/v2\/users\/3"}],"replies":[{"embeddable":true,"href":"https:\/\/goiasemtempo.com.br\/home\/wp-json\/wp\/v2\/comments?post=50914"}],"version-history":[{"count":4,"href":"https:\/\/goiasemtempo.com.br\/home\/wp-json\/wp\/v2\/posts\/50914\/revisions"}],"predecessor-version":[{"id":50939,"href":"https:\/\/goiasemtempo.com.br\/home\/wp-json\/wp\/v2\/posts\/50914\/revisions\/50939"}],"wp:featuredmedia":[{"embeddable":true,"href":"https:\/\/goiasemtempo.com.br\/home\/wp-json\/wp\/v2\/media\/50915"}],"wp:attachment":[{"href":"https:\/\/goiasemtempo.com.br\/home\/wp-json\/wp\/v2\/media?parent=50914"}],"wp:term":[{"taxonomy":"category","embeddable":true,"href":"https:\/\/goiasemtempo.com.br\/home\/wp-json\/wp\/v2\/categories?post=50914"},{"taxonomy":"post_tag","embeddable":true,"href":"https:\/\/goiasemtempo.com.br\/home\/wp-json\/wp\/v2\/tags?post=50914"}],"curies":[{"name":"wp","href":"https:\/\/api.w.org\/{rel}","templated":true}]}}