{"id":50754,"date":"2019-09-20T18:45:48","date_gmt":"2019-09-20T18:45:48","guid":{"rendered":"http:\/\/goiasemtempo.com.br\/home\/?p=50754"},"modified":"2019-09-20T18:45:48","modified_gmt":"2019-09-20T18:45:48","slug":"tecnico-do-botafogo-e-vitima-de-perfil-fake","status":"publish","type":"post","link":"https:\/\/goiasemtempo.com.br\/home\/tecnico-do-botafogo-e-vitima-de-perfil-fake\/","title":{"rendered":"T\u00e9cnico do Botafogo \u00e9 v\u00edtima de perfil fake"},"content":{"rendered":"<p>O treinador do Botafogo, Eduardo Barroca, est\u00e1 sendo v\u00edtima de um crime virtual. Nesta sexta-feira (20), \u00e0s v\u00e9speras do jogo &#8211; que acontece amanh\u00e3 (21),\u00a0\u00e0s 11h, contra o S\u00e3o Paulo, na abertura do retorno do Brasileir\u00e3o &#8211;\u00a0Barroca relatou o caso. &#8220;Eu n\u00e3o uso redes sociais. Uma pessoa fez uma perfil falso com o meu nome no Instagram. Atrav\u00e9s de um advogado j\u00e1 protocolei a den\u00fancia \u00e0 Pol\u00edcia, por se tratar de falsidade ideol\u00f3gica&#8221;.<\/p>\n<p>Dentro de campo, Barroca tamb\u00e9m t\u00eam \u00a0problemas. Joel Carli e Alex Santana est\u00e3o fora do jogo por contus\u00f5es. Outra baixa \u00e9 Diego Souza, que por raz\u00f5es contratuais n\u00e3o pode atuar contra o time dono de seu passe. &#8220;Ainda vou definir os titulares e quero usar este \u00faltimo treino para testar algumas possibilidades&#8221;, despistou o t\u00e9cnico.<\/p>\n<p>Uma boa not\u00edcia para a torcida do Glorioso \u00e9 o retorno de Gilson \u00e0 lateral esquerda do time.<\/p>\n<p>Para incentivar a presen\u00e7a dos torcedores, a CBF vai sortear carros para o p\u00fablico presente nesta partida no Est\u00e1dio Nilton Santos.<\/p>\n<p>Barroca comentou ainda sobre as virtudes do advers\u00e1rio. &#8220;N\u00e3o s\u00f3 o Daniel Alves, mas um elenco de muita qualidade. Os jovens do S\u00e3o Paulo s\u00e3o todos jogadores de alto n\u00edvel t\u00e9cnico e trabalhei inclusive com muitos deles em sele\u00e7\u00f5es de base&#8221;.<\/p>\n<p>Em d\u00e9cimo lugar no Brasileir\u00e3o com 27 pontos, o Botafogo pode se aproximar do G6, zona que garante classifica\u00e7\u00e3o \u00e0 Libertadores, caso ven\u00e7a \u00a0o tricolor paulista.<\/p>\n<div class=\"edicao\">Edi\u00e7\u00e3o:\u00a0<span class=\"txtEsportes\">Ver\u00f4nica Dalcanal<\/span><\/div>\n","protected":false},"excerpt":{"rendered":"<p>O treinador do Botafogo, Eduardo Barroca, est\u00e1 sendo v\u00edtima de um crime virtual. Nesta sexta-feira (20), \u00e0s v\u00e9speras do jogo &#8211; que acontece amanh\u00e3 (21),\u00a0\u00e0s 11h, contra o S\u00e3o Paulo, na abertura do retorno do Brasileir\u00e3o &#8211;\u00a0Barroca relatou o caso. &#8220;Eu n\u00e3o uso redes sociais. Uma pessoa fez uma perfil falso com o meu nome &hellip;<\/p>\n","protected":false},"author":3,"featured_media":50755,"comment_status":"open","ping_status":"open","sticky":false,"template":"","format":"standard","meta":{"_exactmetrics_skip_tracking":false,"_exactmetrics_sitenote_active":false,"_exactmetrics_sitenote_note":"","_exactmetrics_sitenote_category":0,"footnotes":""},"categories":[36],"tags":[],"_links":{"self":[{"href":"https:\/\/goiasemtempo.com.br\/home\/wp-json\/wp\/v2\/posts\/50754"}],"collection":[{"href":"https:\/\/goiasemtempo.com.br\/home\/wp-json\/wp\/v2\/posts"}],"about":[{"href":"https:\/\/goiasemtempo.com.br\/home\/wp-json\/wp\/v2\/types\/post"}],"author":[{"embeddable":true,"href":"https:\/\/goiasemtempo.com.br\/home\/wp-json\/wp\/v2\/users\/3"}],"replies":[{"embeddable":true,"href":"https:\/\/goiasemtempo.com.br\/home\/wp-json\/wp\/v2\/comments?post=50754"}],"version-history":[{"count":1,"href":"https:\/\/goiasemtempo.com.br\/home\/wp-json\/wp\/v2\/posts\/50754\/revisions"}],"predecessor-version":[{"id":50756,"href":"https:\/\/goiasemtempo.com.br\/home\/wp-json\/wp\/v2\/posts\/50754\/revisions\/50756"}],"wp:featuredmedia":[{"embeddable":true,"href":"https:\/\/goiasemtempo.com.br\/home\/wp-json\/wp\/v2\/media\/50755"}],"wp:attachment":[{"href":"https:\/\/goiasemtempo.com.br\/home\/wp-json\/wp\/v2\/media?parent=50754"}],"wp:term":[{"taxonomy":"category","embeddable":true,"href":"https:\/\/goiasemtempo.com.br\/home\/wp-json\/wp\/v2\/categories?post=50754"},{"taxonomy":"post_tag","embeddable":true,"href":"https:\/\/goiasemtempo.com.br\/home\/wp-json\/wp\/v2\/tags?post=50754"}],"curies":[{"name":"wp","href":"https:\/\/api.w.org\/{rel}","templated":true}]}}