{"id":50695,"date":"2019-09-17T23:42:50","date_gmt":"2019-09-17T23:42:50","guid":{"rendered":"http:\/\/goiasemtempo.com.br\/home\/?p=50695"},"modified":"2019-09-17T23:42:50","modified_gmt":"2019-09-17T23:42:50","slug":"vasco-de-pikachu-fara-jogo-de-torcida-unica-contra-o-athletico-pr","status":"publish","type":"post","link":"https:\/\/goiasemtempo.com.br\/home\/vasco-de-pikachu-fara-jogo-de-torcida-unica-contra-o-athletico-pr\/","title":{"rendered":"Vasco, de Pikachu, far\u00e1 jogo de torcida \u00fanica contra o Athletico-PR"},"content":{"rendered":"<p>Yago Pikachu deve retornar ao time do Vasco contra o Athletico Paranaense. Depois de cumprir suspens\u00e3o por cart\u00e3o amarelo na vit\u00f3ria, por 2 a 1, sobre a Chapecoense, o jogador est\u00e1 \u00e0 disposi\u00e7\u00e3o do treinador Vanderlei Luxembugo. O lateral direito de of\u00edcio, que tamb\u00e9m atua no meio-campo ou no ataque, \u00e9 um dos mais experientes do elenco Cruz-Maltino.<\/p>\n<p>\u201c\u00c9 um dos l\u00edderes do nosso grupo e contamos muito com ele para o pr\u00f3ximo jogo\u201d, afirmou o volante Raul, que tamb\u00e9m pregou regularidade para o Vasco avan\u00e7ar na tabela neste segundo turno do Brasileir\u00e3o.<\/p>\n<p>\u201cO campeonato brasileiro \u00e9 muito dif\u00edcil. Mas a gente sabe da nossa qualidade e da nossa unidade. E com humildade, a gente sabe que se conseguirmos uma sequ\u00eancia de vit\u00f3rias vamos brigar por coisas boas\u201d, disse.<\/p>\n<div class=\"dnd-widget-wrapper context-cheio_8colunas type-audio\">\n<div class=\"dnd-atom-rendered\"><\/div>\n<div class=\"dnd-caption-wrapper\">\n<div class=\"meta\">O cearense Raul analisou ainda Talles Magno, a jovem revela\u00e7\u00e3o vasca\u00edna.<\/div>\n<\/div>\n<\/div>\n<p>\u201c\u00c9 um garoto de 17 anos com responsabilidade de 25. Ele est\u00e1 num bom momento e no um contra a um \u00e9 muito dif\u00edcil de marc\u00e1-lo\u201d, avaliou.<\/p>\n<p>O Vasco encara o Athletico Paranaense, neste domingo (22), \u00e0s 16h, em S\u00e3o Janu\u00e1rio, no Rio<span id=\"OBJ_PREFIX_DWT122_com_zimbra_date\" role=\"link\">\u00a0de Janeiro<\/span>. Os cariocas est\u00e3o neste momento em 12\u00ba lugar na tabela, com 23 pontos, posi\u00e7\u00e3o que garante vaga a Copa Sul-Americana. J\u00e1 o Furac\u00e3o, que decide a Copa do Brasil contra o Internacional nesta\u00a0<span id=\"OBJ_PREFIX_DWT123_com_zimbra_date\" role=\"link\">quarta<\/span>\u00a0(18), ocupa o 11\u00ba lugar com tr\u00eas pontos a mais que o Gigante da Colina.<\/p>\n<p>No primeiro turno da competi\u00e7\u00e3o, os paranaenses venceram os vasca\u00ednos, por 4 a1, na Arena da Baixada, mas sem direito a torcida visitante. Por uma quest\u00e3o de reciprocidade, o Vasco tamb\u00e9m n\u00e3o vai colocar ingressos \u00e0 disposi\u00e7\u00e3o dos athleticanos.<\/p>\n<div class=\"edicao\">Edi\u00e7\u00e3o:\u00a0<span class=\"txtEsportes\">Ver\u00f4nica Dalcanal<\/span><\/div>\n","protected":false},"excerpt":{"rendered":"<p>Yago Pikachu deve retornar ao time do Vasco contra o Athletico Paranaense. Depois de cumprir suspens\u00e3o por cart\u00e3o amarelo na vit\u00f3ria, por 2 a 1, sobre a Chapecoense, o jogador est\u00e1 \u00e0 disposi\u00e7\u00e3o do treinador Vanderlei Luxembugo. O lateral direito de of\u00edcio, que tamb\u00e9m atua no meio-campo ou no ataque, \u00e9 um dos mais experientes &hellip;<\/p>\n","protected":false},"author":3,"featured_media":50696,"comment_status":"open","ping_status":"open","sticky":false,"template":"","format":"standard","meta":{"_exactmetrics_skip_tracking":false,"_exactmetrics_sitenote_active":false,"_exactmetrics_sitenote_note":"","_exactmetrics_sitenote_category":0,"footnotes":""},"categories":[36],"tags":[],"_links":{"self":[{"href":"https:\/\/goiasemtempo.com.br\/home\/wp-json\/wp\/v2\/posts\/50695"}],"collection":[{"href":"https:\/\/goiasemtempo.com.br\/home\/wp-json\/wp\/v2\/posts"}],"about":[{"href":"https:\/\/goiasemtempo.com.br\/home\/wp-json\/wp\/v2\/types\/post"}],"author":[{"embeddable":true,"href":"https:\/\/goiasemtempo.com.br\/home\/wp-json\/wp\/v2\/users\/3"}],"replies":[{"embeddable":true,"href":"https:\/\/goiasemtempo.com.br\/home\/wp-json\/wp\/v2\/comments?post=50695"}],"version-history":[{"count":1,"href":"https:\/\/goiasemtempo.com.br\/home\/wp-json\/wp\/v2\/posts\/50695\/revisions"}],"predecessor-version":[{"id":50697,"href":"https:\/\/goiasemtempo.com.br\/home\/wp-json\/wp\/v2\/posts\/50695\/revisions\/50697"}],"wp:featuredmedia":[{"embeddable":true,"href":"https:\/\/goiasemtempo.com.br\/home\/wp-json\/wp\/v2\/media\/50696"}],"wp:attachment":[{"href":"https:\/\/goiasemtempo.com.br\/home\/wp-json\/wp\/v2\/media?parent=50695"}],"wp:term":[{"taxonomy":"category","embeddable":true,"href":"https:\/\/goiasemtempo.com.br\/home\/wp-json\/wp\/v2\/categories?post=50695"},{"taxonomy":"post_tag","embeddable":true,"href":"https:\/\/goiasemtempo.com.br\/home\/wp-json\/wp\/v2\/tags?post=50695"}],"curies":[{"name":"wp","href":"https:\/\/api.w.org\/{rel}","templated":true}]}}