{"id":5050,"date":"2017-12-24T23:20:58","date_gmt":"2017-12-24T23:20:58","guid":{"rendered":"http:\/\/goiasemtempo.com.br\/home\/?p=5050"},"modified":"2017-12-24T23:20:58","modified_gmt":"2017-12-24T23:20:58","slug":"profissionais-podem-se-inscrever-ate-terca-feira-no-programa-mais-medicos","status":"publish","type":"post","link":"https:\/\/goiasemtempo.com.br\/home\/profissionais-podem-se-inscrever-ate-terca-feira-no-programa-mais-medicos\/","title":{"rendered":"Profissionais podem se inscrever at\u00e9 ter\u00e7a-feira no programa Mais M\u00e9dicos"},"content":{"rendered":"<p>Os m\u00e9dicos formados em institui\u00e7\u00f5es de educa\u00e7\u00e3o superior brasileiras ou com diploma revalidado no pa\u00eds poder\u00e3o se inscrever na nova etapa do programa Mais M\u00e9dicos at\u00e9 \u00e0s 18h desta ter\u00e7a-feira (5), por meio do Sistema de Gerenciamento de Programas (SGP) no site do Mais M\u00e9dicos.<\/p>\n<p>O novo edital para o programa foi reaberto nesta segunda-feira (4) pelo Minist\u00e9rio da Sa\u00fade em raz\u00e3o de um erro na divulga\u00e7\u00e3o do prazo limite para a ades\u00e3o dos profissionais que era 30 de novembro, mas constava como 1\u00ba de dezembro na divulga\u00e7\u00e3o do site do programa Mais M\u00e9dicos.<\/p>\n<p>O profissional interessado em participar, inclusive aqueles cuja inscri\u00e7\u00e3o n\u00e3o foi finalizada no per\u00edodo inicial, poder\u00e3o acessar o SGP e submeter-se \u00e0 chamada p\u00fablica, observando as regras estabelecidas no edital. Caso o profissional j\u00e1 esteja com a inscri\u00e7\u00e3o validada poder\u00e1 escolher at\u00e9 quatro cidades de prefer\u00eancia e concorrer \u00e0s vagas, de acordo com crit\u00e9rios de classifica\u00e7\u00e3o e demais normas do edital.<\/p>\n<p>A publica\u00e7\u00e3o do n\u00famero de vagas e munic\u00edpios est\u00e1 prevista para 8 de dezembro, junto \u00e0 rela\u00e7\u00e3o de profissionais com inscri\u00e7\u00e3o validada nesta primeira fase. Estes poder\u00e3o indicar munic\u00edpios de interesse entre os dias 11 e 12 de dezembro.<\/p>\n<p>Ap\u00f3s o resultado da aloca\u00e7\u00e3o, os m\u00e9dicos dever\u00e3o confirmar o interesse nas vagas. A partir da segunda semana de janeiro de 2018 est\u00e1 prevista a apresenta\u00e7\u00e3o dos profissionais nos munic\u00edpios para homologa\u00e7\u00e3o e in\u00edcio das atividades.<\/p>\n<p>Do total de m\u00e9dicos participantes do programa atualmente, 47,1% s\u00e3o profissionais da coopera\u00e7\u00e3o com a Organiza\u00e7\u00e3o Pan-America de Sa\u00fade (Opas), 45,6% brasileiros formados no Brasil ou no exterior e 4,16% s\u00e3o intercambistas estrangeiros. Cerca de 63 milh\u00f5es de brasileiros recebem atendimento pelos profissionais do Mais M\u00e9dicos.<\/p>\n","protected":false},"excerpt":{"rendered":"<p>Os m\u00e9dicos formados em institui\u00e7\u00f5es de educa\u00e7\u00e3o superior brasileiras ou com diploma revalidado no pa\u00eds poder\u00e3o se inscrever na nova etapa do programa Mais M\u00e9dicos at\u00e9 \u00e0s 18h desta ter\u00e7a-feira (5), por meio do Sistema de Gerenciamento de Programas (SGP) no site do Mais M\u00e9dicos. O novo edital para o programa foi reaberto nesta segunda-feira &hellip;<\/p>\n","protected":false},"author":2,"featured_media":2252,"comment_status":"open","ping_status":"open","sticky":false,"template":"","format":"standard","meta":{"_exactmetrics_skip_tracking":false,"_exactmetrics_sitenote_active":false,"_exactmetrics_sitenote_note":"","_exactmetrics_sitenote_category":0,"footnotes":""},"categories":[4],"tags":[],"_links":{"self":[{"href":"https:\/\/goiasemtempo.com.br\/home\/wp-json\/wp\/v2\/posts\/5050"}],"collection":[{"href":"https:\/\/goiasemtempo.com.br\/home\/wp-json\/wp\/v2\/posts"}],"about":[{"href":"https:\/\/goiasemtempo.com.br\/home\/wp-json\/wp\/v2\/types\/post"}],"author":[{"embeddable":true,"href":"https:\/\/goiasemtempo.com.br\/home\/wp-json\/wp\/v2\/users\/2"}],"replies":[{"embeddable":true,"href":"https:\/\/goiasemtempo.com.br\/home\/wp-json\/wp\/v2\/comments?post=5050"}],"version-history":[{"count":1,"href":"https:\/\/goiasemtempo.com.br\/home\/wp-json\/wp\/v2\/posts\/5050\/revisions"}],"predecessor-version":[{"id":5051,"href":"https:\/\/goiasemtempo.com.br\/home\/wp-json\/wp\/v2\/posts\/5050\/revisions\/5051"}],"wp:featuredmedia":[{"embeddable":true,"href":"https:\/\/goiasemtempo.com.br\/home\/wp-json\/wp\/v2\/media\/2252"}],"wp:attachment":[{"href":"https:\/\/goiasemtempo.com.br\/home\/wp-json\/wp\/v2\/media?parent=5050"}],"wp:term":[{"taxonomy":"category","embeddable":true,"href":"https:\/\/goiasemtempo.com.br\/home\/wp-json\/wp\/v2\/categories?post=5050"},{"taxonomy":"post_tag","embeddable":true,"href":"https:\/\/goiasemtempo.com.br\/home\/wp-json\/wp\/v2\/tags?post=5050"}],"curies":[{"name":"wp","href":"https:\/\/api.w.org\/{rel}","templated":true}]}}