{"id":50466,"date":"2019-09-08T16:26:55","date_gmt":"2019-09-08T16:26:55","guid":{"rendered":"http:\/\/goiasemtempo.com.br\/home\/?p=50466"},"modified":"2019-09-08T16:26:55","modified_gmt":"2019-09-08T16:26:55","slug":"cirurgia-de-bolsonaro-e-concluida-apos-cinco-horas","status":"publish","type":"post","link":"https:\/\/goiasemtempo.com.br\/home\/cirurgia-de-bolsonaro-e-concluida-apos-cinco-horas\/","title":{"rendered":"Cirurgia de Bolsonaro \u00e9 conclu\u00edda ap\u00f3s cinco horas"},"content":{"rendered":"<p>A cirurgia do presidente da Rep\u00fablica, Jair Bolsonaro, terminou \u00e0s 12h40 de hoje (8) ap\u00f3s cerca de cinco horas de dura\u00e7\u00e3o. A informa\u00e7\u00e3o \u00e9 da assessoria de imprensa do Pal\u00e1cio do Planalto. Segundo o Hospital Vila Nova Star, na capital paulista, onde ocorreu o procedimento, a opera\u00e7\u00e3o foi iniciada \u00e0s 7h35. Est\u00e1 previsto para a tarde de hoje um boletim m\u00e9dico e uma entrevista coletiva com os m\u00e9dicos sobre a cirurgia.<\/p>\n<p>A retirada de uma h\u00e9rnia incisional do presidente \u00e9 a quarta cirurgia ap\u00f3s ele ter recebido uma facada em Juiz de Fora (MG) em 6 de janeiro do ano passado. De acordo com o m\u00e9dico Antonio Luiz de Vasconcellos Macedo, mesmo cirurgi\u00e3o que comandou as \u00faltimas duas opera\u00e7\u00f5es, realizadas no Hospital Albert Einstein, em S\u00e3o Paulo, a interven\u00e7\u00e3o deste domingo \u00e9 mais simples. Inicialmente tinha previs\u00e3o de durar cerca de tr\u00eas horas.<\/p>\n<p>Bolsonaro deve se licenciar do cargo por cinco dias, segundo informou o Pal\u00e1cio do Planalto. Ele deu entrada no hospital na noite de ontem (7). A previs\u00e3o \u00e9 que o presidente retome o cargo ainda no hospital, mas somente ap\u00f3s um per\u00edodo inicial de recupera\u00e7\u00e3o. Ao todo, ele deve permanecer internado por at\u00e9 dez dias.<\/p>\n<p>O filho Carlos Bolsonaro, vereador carioca, passou a noite com o pai. Pouco antes das 7h, hor\u00e1rio previsto para in\u00edcio da cirurgia, o outro filho &#8211; o deputado federal Eduardo Bolsonaro (PSL-SP) &#8211; chegou ao hospital. O presidente tamb\u00e9m \u00e9 acompanhado pela primeira-dama Michelle Bolsonaro.<\/p>\n<p>&nbsp;<\/p>\n","protected":false},"excerpt":{"rendered":"<p>A cirurgia do presidente da Rep\u00fablica, Jair Bolsonaro, terminou \u00e0s 12h40 de hoje (8) ap\u00f3s cerca de cinco horas de dura\u00e7\u00e3o. A informa\u00e7\u00e3o \u00e9 da assessoria de imprensa do Pal\u00e1cio do Planalto. Segundo o Hospital Vila Nova Star, na capital paulista, onde ocorreu o procedimento, a opera\u00e7\u00e3o foi iniciada \u00e0s 7h35. Est\u00e1 previsto para a &hellip;<\/p>\n","protected":false},"author":3,"featured_media":50467,"comment_status":"open","ping_status":"open","sticky":false,"template":"","format":"standard","meta":{"_exactmetrics_skip_tracking":false,"_exactmetrics_sitenote_active":false,"_exactmetrics_sitenote_note":"","_exactmetrics_sitenote_category":0,"footnotes":""},"categories":[4],"tags":[],"_links":{"self":[{"href":"https:\/\/goiasemtempo.com.br\/home\/wp-json\/wp\/v2\/posts\/50466"}],"collection":[{"href":"https:\/\/goiasemtempo.com.br\/home\/wp-json\/wp\/v2\/posts"}],"about":[{"href":"https:\/\/goiasemtempo.com.br\/home\/wp-json\/wp\/v2\/types\/post"}],"author":[{"embeddable":true,"href":"https:\/\/goiasemtempo.com.br\/home\/wp-json\/wp\/v2\/users\/3"}],"replies":[{"embeddable":true,"href":"https:\/\/goiasemtempo.com.br\/home\/wp-json\/wp\/v2\/comments?post=50466"}],"version-history":[{"count":1,"href":"https:\/\/goiasemtempo.com.br\/home\/wp-json\/wp\/v2\/posts\/50466\/revisions"}],"predecessor-version":[{"id":50468,"href":"https:\/\/goiasemtempo.com.br\/home\/wp-json\/wp\/v2\/posts\/50466\/revisions\/50468"}],"wp:featuredmedia":[{"embeddable":true,"href":"https:\/\/goiasemtempo.com.br\/home\/wp-json\/wp\/v2\/media\/50467"}],"wp:attachment":[{"href":"https:\/\/goiasemtempo.com.br\/home\/wp-json\/wp\/v2\/media?parent=50466"}],"wp:term":[{"taxonomy":"category","embeddable":true,"href":"https:\/\/goiasemtempo.com.br\/home\/wp-json\/wp\/v2\/categories?post=50466"},{"taxonomy":"post_tag","embeddable":true,"href":"https:\/\/goiasemtempo.com.br\/home\/wp-json\/wp\/v2\/tags?post=50466"}],"curies":[{"name":"wp","href":"https:\/\/api.w.org\/{rel}","templated":true}]}}