{"id":5040,"date":"2017-12-24T23:17:23","date_gmt":"2017-12-24T23:17:23","guid":{"rendered":"http:\/\/goiasemtempo.com.br\/home\/?p=5040"},"modified":"2017-12-24T23:17:23","modified_gmt":"2017-12-24T23:17:23","slug":"feira-da-reforma-agraria-leva-produtos-agroecologicos-para-o-centro-do-rio","status":"publish","type":"post","link":"https:\/\/goiasemtempo.com.br\/home\/feira-da-reforma-agraria-leva-produtos-agroecologicos-para-o-centro-do-rio\/","title":{"rendered":"Feira da Reforma Agr\u00e1ria leva produtos agroecol\u00f3gicos para o centro do Rio"},"content":{"rendered":"<p>Mais de 130 toneladas de produtos como arroz, feij\u00e3o, frutas, legumes e verduras produzidos sem agrot\u00f3xico est\u00e3o \u00e0 venda na Feira Estadual da Reforma Agr\u00e1ria C\u00edcero Guedes. Pelo nono ano, as barracas de produtores rurais de assentamentos de todo o estado do Rio de Janeiro permanecem montadas at\u00e9 quarta-feira (6), no Largo da Carioca, no centro da capital.<\/p>\n<p>Al\u00e9m de vender seus produtos, os agricultores familiares se re\u00fanem na feira para propagar a agroecologia, que respeita o meio ambiente e n\u00e3o usa defensivos agr\u00edcolas. A t\u00e9cnica \u00e9 um dos princ\u00edpios do Movimento dos Trabalhadores Rurais sem Terra (MST), que organiza a feira \u2013 declarada patrim\u00f4nio imaterial da capital fluminense em 2015 e parte do calend\u00e1rio da cidade.<\/p>\n<p>Outro objetivo da feira \u00e9 explicar sobre a reforma agr\u00e1ria, de maneira que a terra seja redistribu\u00edda e cumpra sua fun\u00e7\u00e3o social, sendo produtiva, como est\u00e1 na Constitui\u00e7\u00e3o Federal, explica o diretor estadual do MST, Raoni Lustosa. \u201cA feira \u00e9 fruto da reforma agr\u00e1ria\u201d, disse. \u201c\u00c9 preciso entender que a reforma agr\u00e1ria produz a vida, ao contr\u00e1rio do agroneg\u00f3cio. Queremos trazer para a sociedade o debate sobre o alimento limpo, sem agrot\u00f3xicos ou em transi\u00e7\u00e3o agroecol\u00f3gica, para que a popula\u00e7\u00e3o da cidade, tenha acesso ao alimento saud\u00e1vel\u201d.<\/p>\n<p>A feira oferece tamb\u00e9m produtos beneficiados e artesanais, como cervejas, mel, doces, geleias, cosm\u00e9ticos e rem\u00e9dios fitoter\u00e1picos, al\u00e9m de almo\u00e7o, entre as 10h e as 19h, com entrada livre.<br \/>\nNa banca de Concei\u00e7\u00e3o Maria da Silva Moreira, de 70 anos, est\u00e3o \u00e0 venda coloridos tipos de milho, feij\u00e3o, mandioca e banana.<\/p>\n<p>\u201cEu ainda planto, n\u00e3o planto muito porque estou com problema de sa\u00fade. Mas mantenho minha cria\u00e7\u00e3o de galinha, tenho boa quantidade de galinha, tenho tamb\u00e9m duas vaquinhas e muitas frutas. A gente faz um esfor\u00e7o para trazer para a feirinha\u201d completou. Ela \u00e9 assentada h\u00e1 11 anos, no interior do Rio, e participa da feira pelo 4\u00ba ano.<\/p>\n<p>O empreendimento \u00e9 uma alternativa de renda para fam\u00edlia, \u00e0s v\u00e9speras das festas de fim de ano. \u201cQuando chega em dezembro, a gente espera essa feira. Para colher o que tem, pegar dos nossos companheiros, fazer nossos doces, queijos, trazer e ganhar um dinheirinho\u201d, revelou.<\/p>\n<p>A aposentada Helo\u00edsa Carvalho foi at\u00e9 o local em busca de artigos org\u00e2nicos. Saiu de l\u00e1 satisfeita. \u201c\u00c9 qualidade de vida, procuro sempre feiras org\u00e2nicas, essa \u00e9 minha preocupa\u00e7\u00e3o\u201d. Durante o dia, quem cruzar o Largo da Carioca poder\u00e1 aproveitar\u00e1 ainda shows de forr\u00f3 e m\u00fasica caipira e semin\u00e1rios sobre reformas propostas pelo governo, como a da previd\u00eancia.<\/p>\n<p>C\u00edcero Guedes<\/p>\n<p>O nome da feira \u00e9 uma homenagem ao agricultor familiar e integrante do MST, de 43 anos, assassinado por pistoleiros, em 2013, pr\u00f3ximo \u00e0 Usina Cambahyba, no munic\u00edpio de Campos dos Goytacazes, com tiros na cabe\u00e7a e nas costas. As terras da usina, onde o ativista foi morto, ficaram conhecidas no pa\u00eds em 2012, quando o livro de mem\u00f3rias do ex-delegado do Dops Cl\u00e1udio Guerra revelou que, ao menos, dez pessoas contr\u00e1rias \u00e0 ditadura civil-militar foram incineradas l\u00e1, na d\u00e9cada de 1970.<\/p>\n<p>C\u00edcero, que j\u00e1 tinha sido resgatado da condi\u00e7\u00e3o de trabalhador escravo, era refer\u00eancia em agroecologia, pelas t\u00e9cnicas que desenvolveu em seu lote, no Assentamento Zumbi dos Palmares, e por projetos em parceria com a Universidade Estadual do Norte-Fluminense. De acordo com o \u00faltimo relat\u00f3rio da Comiss\u00e3o Pastoral da Terra, foram registrados este ano 63 assassinatos no pa\u00eds, por conflitos no campo, at\u00e9 setembro de 2017. Ano passado, foram 61.<\/p>\n","protected":false},"excerpt":{"rendered":"<p>Mais de 130 toneladas de produtos como arroz, feij\u00e3o, frutas, legumes e verduras produzidos sem agrot\u00f3xico est\u00e3o \u00e0 venda na Feira Estadual da Reforma Agr\u00e1ria C\u00edcero Guedes. Pelo nono ano, as barracas de produtores rurais de assentamentos de todo o estado do Rio de Janeiro permanecem montadas at\u00e9 quarta-feira (6), no Largo da Carioca, no &hellip;<\/p>\n","protected":false},"author":2,"featured_media":2247,"comment_status":"open","ping_status":"open","sticky":false,"template":"","format":"standard","meta":{"footnotes":""},"categories":[4],"tags":[],"class_list":["post-5040","post","type-post","status-publish","format-standard","has-post-thumbnail","hentry","category-ultimas-noticias"],"_links":{"self":[{"href":"https:\/\/goiasemtempo.com.br\/home\/wp-json\/wp\/v2\/posts\/5040","targetHints":{"allow":["GET"]}}],"collection":[{"href":"https:\/\/goiasemtempo.com.br\/home\/wp-json\/wp\/v2\/posts"}],"about":[{"href":"https:\/\/goiasemtempo.com.br\/home\/wp-json\/wp\/v2\/types\/post"}],"author":[{"embeddable":true,"href":"https:\/\/goiasemtempo.com.br\/home\/wp-json\/wp\/v2\/users\/2"}],"replies":[{"embeddable":true,"href":"https:\/\/goiasemtempo.com.br\/home\/wp-json\/wp\/v2\/comments?post=5040"}],"version-history":[{"count":1,"href":"https:\/\/goiasemtempo.com.br\/home\/wp-json\/wp\/v2\/posts\/5040\/revisions"}],"predecessor-version":[{"id":5041,"href":"https:\/\/goiasemtempo.com.br\/home\/wp-json\/wp\/v2\/posts\/5040\/revisions\/5041"}],"wp:featuredmedia":[{"embeddable":true,"href":"https:\/\/goiasemtempo.com.br\/home\/wp-json\/wp\/v2\/media\/2247"}],"wp:attachment":[{"href":"https:\/\/goiasemtempo.com.br\/home\/wp-json\/wp\/v2\/media?parent=5040"}],"wp:term":[{"taxonomy":"category","embeddable":true,"href":"https:\/\/goiasemtempo.com.br\/home\/wp-json\/wp\/v2\/categories?post=5040"},{"taxonomy":"post_tag","embeddable":true,"href":"https:\/\/goiasemtempo.com.br\/home\/wp-json\/wp\/v2\/tags?post=5040"}],"curies":[{"name":"wp","href":"https:\/\/api.w.org\/{rel}","templated":true}]}}