{"id":50383,"date":"2019-09-05T14:08:45","date_gmt":"2019-09-05T14:08:45","guid":{"rendered":"http:\/\/goiasemtempo.com.br\/home\/?p=50383"},"modified":"2019-09-05T15:20:58","modified_gmt":"2019-09-05T15:20:58","slug":"sem-previsao-para-instalacaofalta-de-redutor-eletronico-de-velocidade-em-anapolis-e-tormento-para-moradores","status":"publish","type":"post","link":"https:\/\/goiasemtempo.com.br\/home\/sem-previsao-para-instalacaofalta-de-redutor-eletronico-de-velocidade-em-anapolis-e-tormento-para-moradores\/","title":{"rendered":"Falta de redutor de velocidade em An\u00e1polis vira tormento para moradores,que cobram autoridades"},"content":{"rendered":"<p>Moradores da avenida Goi\u00e1s em An\u00e1polis,reclamam do excesso de velocidade no trecho de baixada nas imedia\u00e7\u00f5es da Vila Brasil, onde havia um redutor eletr\u00f4nico de velocidade.O equipamento que funcionava no local\u00a0 foi retirado sem maiores explica\u00e7\u00f5es,e n\u00e3o foi recolocado no lugar.<\/p>\n<p>O diretor da Companhia Municipal de Tr\u00e2nsito e Transportes Fernando Cunha Neto em entrevista informou que, em outubro do ano passado, terminou o contrato com a empresa que operava em An\u00e1polis o sistema de fiscaliza\u00e7\u00e3o eletr\u00f4nica de tr\u00e2nsito.Legalmente n\u00e3o era poss\u00edvel a prorroga\u00e7\u00e3o contratual, o que obrigou a Administra\u00e7\u00e3o Municipal a determinar a retirada dos equipamentos.<\/p>\n<p>Uma nova licita\u00e7\u00e3o est\u00e1 em andamento, mas houve atraso porque uma das competidoras reclamou no Tribunal de Contas dos Munic\u00edpios, que determinou mudan\u00e7as no modelo do certame. N\u00e3o h\u00e1 prazo ou previs\u00e3o de quando o processo ser\u00e1 conclu\u00eddo. Fernando Cunha informou que, pelo contrato anterior, eram contemplados 210 pontos de vigil\u00e2ncia eletr\u00f4nica de velocidade e fiscaliza\u00e7\u00e3o dos sem\u00e1foros. O pr\u00f3ximo contrato prev\u00ea a instala\u00e7\u00e3o em An\u00e1polis de 320 equipamentos.<\/p>\n<p>Por: Marcus Vinicius Isaac<\/p>\n<p>&nbsp;<\/p>\n","protected":false},"excerpt":{"rendered":"<p>Moradores da avenida Goi\u00e1s em An\u00e1polis,reclamam do excesso de velocidade no trecho de baixada nas imedia\u00e7\u00f5es da Vila Brasil, onde havia um redutor eletr\u00f4nico de velocidade.O equipamento que funcionava no local\u00a0 foi retirado sem maiores explica\u00e7\u00f5es,e n\u00e3o foi recolocado no lugar. O diretor da Companhia Municipal de Tr\u00e2nsito e Transportes Fernando Cunha Neto em entrevista &hellip;<\/p>\n","protected":false},"author":3,"featured_media":50384,"comment_status":"open","ping_status":"open","sticky":false,"template":"","format":"standard","meta":{"footnotes":""},"categories":[19],"tags":[],"class_list":["post-50383","post","type-post","status-publish","format-standard","has-post-thumbnail","hentry","category-manchete"],"_links":{"self":[{"href":"https:\/\/goiasemtempo.com.br\/home\/wp-json\/wp\/v2\/posts\/50383","targetHints":{"allow":["GET"]}}],"collection":[{"href":"https:\/\/goiasemtempo.com.br\/home\/wp-json\/wp\/v2\/posts"}],"about":[{"href":"https:\/\/goiasemtempo.com.br\/home\/wp-json\/wp\/v2\/types\/post"}],"author":[{"embeddable":true,"href":"https:\/\/goiasemtempo.com.br\/home\/wp-json\/wp\/v2\/users\/3"}],"replies":[{"embeddable":true,"href":"https:\/\/goiasemtempo.com.br\/home\/wp-json\/wp\/v2\/comments?post=50383"}],"version-history":[{"count":5,"href":"https:\/\/goiasemtempo.com.br\/home\/wp-json\/wp\/v2\/posts\/50383\/revisions"}],"predecessor-version":[{"id":50390,"href":"https:\/\/goiasemtempo.com.br\/home\/wp-json\/wp\/v2\/posts\/50383\/revisions\/50390"}],"wp:featuredmedia":[{"embeddable":true,"href":"https:\/\/goiasemtempo.com.br\/home\/wp-json\/wp\/v2\/media\/50384"}],"wp:attachment":[{"href":"https:\/\/goiasemtempo.com.br\/home\/wp-json\/wp\/v2\/media?parent=50383"}],"wp:term":[{"taxonomy":"category","embeddable":true,"href":"https:\/\/goiasemtempo.com.br\/home\/wp-json\/wp\/v2\/categories?post=50383"},{"taxonomy":"post_tag","embeddable":true,"href":"https:\/\/goiasemtempo.com.br\/home\/wp-json\/wp\/v2\/tags?post=50383"}],"curies":[{"name":"wp","href":"https:\/\/api.w.org\/{rel}","templated":true}]}}