{"id":50358,"date":"2019-09-04T15:25:22","date_gmt":"2019-09-04T15:25:22","guid":{"rendered":"http:\/\/goiasemtempo.com.br\/home\/?p=50358"},"modified":"2019-09-04T15:25:22","modified_gmt":"2019-09-04T15:25:22","slug":"selecao-para-vagas-remanescentes-do-fies-comeca-hoje","status":"publish","type":"post","link":"https:\/\/goiasemtempo.com.br\/home\/selecao-para-vagas-remanescentes-do-fies-comeca-hoje\/","title":{"rendered":"Sele\u00e7\u00e3o para vagas remanescentes do Fies come\u00e7a hoje"},"content":{"rendered":"<p>Come\u00e7a hoje (4), o processo seletivo para vagas remanescentes do Fundo de Financiamento Estudantil (Fies) referente ao segundo semestre de 2019. As inscri\u00e7\u00f5es s\u00e3o gratuitas e devem ser realizadas pelo\u00a0<a href=\"http:\/\/fies.mec.gov.br\/\" target=\"_blank\" rel=\"noopener\">site<\/a>\u00a0do programa. As vagas s\u00e3o aquelas que\u00a0n\u00e3o foram ocupadas no decorrer dos processos seletivos regulares do Fies, por desist\u00eancia dos candidatos pr\u00e9-selecionados ou falta de documenta\u00e7\u00e3o, por exemplo.<\/p>\n<p>Assim como\u00a0ocorre desde o segundo semestre de 2015, houve o estabelecimento de cursos priorit\u00e1rios. At\u00e9 sexta-feira,\u00a0<span id=\"OBJ_PREFIX_DWT155_com_zimbra_date\" role=\"link\">6 de setembro<\/span>, ser\u00e3o ofertadas somente as vagas remanescentes nas \u00e1reas: sa\u00fade, engenharia e ci\u00eancia da computa\u00e7\u00e3o, licenciatura, pedagogia normal e superior. A partir do dia 7, ser\u00e3o oferecidas vagas para todas as \u00e1reas. Candidatos n\u00e3o matriculados em Institui\u00e7\u00e3o de Educa\u00e7\u00e3o Superior podem se inscrever at\u00e9\u00a0<span id=\"OBJ_PREFIX_DWT156_com_zimbra_date\" role=\"link\">11 de setembro<\/span>. Para os\u00a0 matriculados o prazo vai at\u00e9\u00a0<span id=\"OBJ_PREFIX_DWT157_com_zimbra_date\" role=\"link\">29 de novembro<\/span>.<\/p>\n<p>Para participar do processo seletivo, o candidato deve\u00a0t<span id=\"OBJ_PREFIX_DWT161_com_zimbra_date\" role=\"link\">er<\/span>\u00a0participado do Enem, a partir da edi\u00e7\u00e3o de 2010, com m\u00e9dia igual ou superior a 450 pontos e nota na reda\u00e7\u00e3o superior a zero. O candidato precisa ainda comprovar renda familiar mensal bruta per capita de at\u00e9 tr\u00eas sal\u00e1rios m\u00ednimos.<\/p>\n<p>A ocupa\u00e7\u00e3o das vagas ser\u00e1 efetuada de acordo com a ordem de conclus\u00e3o das inscri\u00e7\u00f5es, que garantem ao candidato apenas a expectativa de direito \u00e0 vaga\u00a0para a qual se inscreveu. Ap\u00f3s a conclus\u00e3o da inscri\u00e7\u00e3o, o candidato tem dois dias \u00fateis para validar as informa\u00e7\u00f5es na institui\u00e7\u00e3o de ensino.<\/p>\n<p>Candidatos que n\u00e3o tenham quitado\u00a0um financiamento anterior pelo Fies ou pelo Programa de Cr\u00e9dito Educativo n\u00e3o podem se inscrever, assim como quem atualmente possui financiamento do Fies.<\/p>\n<p><em>* Com informa\u00e7\u00f5es do Minist\u00e9rio da Educa\u00e7\u00e3o\u00a0<\/em><\/p>\n","protected":false},"excerpt":{"rendered":"<p>Come\u00e7a hoje (4), o processo seletivo para vagas remanescentes do Fundo de Financiamento Estudantil (Fies) referente ao segundo semestre de 2019. As inscri\u00e7\u00f5es s\u00e3o gratuitas e devem ser realizadas pelo\u00a0site\u00a0do programa. As vagas s\u00e3o aquelas que\u00a0n\u00e3o foram ocupadas no decorrer dos processos seletivos regulares do Fies, por desist\u00eancia dos candidatos pr\u00e9-selecionados ou falta de documenta\u00e7\u00e3o, &hellip;<\/p>\n","protected":false},"author":3,"featured_media":50359,"comment_status":"open","ping_status":"open","sticky":false,"template":"","format":"standard","meta":{"_exactmetrics_skip_tracking":false,"_exactmetrics_sitenote_active":false,"_exactmetrics_sitenote_note":"","_exactmetrics_sitenote_category":0,"footnotes":""},"categories":[25],"tags":[],"_links":{"self":[{"href":"https:\/\/goiasemtempo.com.br\/home\/wp-json\/wp\/v2\/posts\/50358"}],"collection":[{"href":"https:\/\/goiasemtempo.com.br\/home\/wp-json\/wp\/v2\/posts"}],"about":[{"href":"https:\/\/goiasemtempo.com.br\/home\/wp-json\/wp\/v2\/types\/post"}],"author":[{"embeddable":true,"href":"https:\/\/goiasemtempo.com.br\/home\/wp-json\/wp\/v2\/users\/3"}],"replies":[{"embeddable":true,"href":"https:\/\/goiasemtempo.com.br\/home\/wp-json\/wp\/v2\/comments?post=50358"}],"version-history":[{"count":1,"href":"https:\/\/goiasemtempo.com.br\/home\/wp-json\/wp\/v2\/posts\/50358\/revisions"}],"predecessor-version":[{"id":50360,"href":"https:\/\/goiasemtempo.com.br\/home\/wp-json\/wp\/v2\/posts\/50358\/revisions\/50360"}],"wp:featuredmedia":[{"embeddable":true,"href":"https:\/\/goiasemtempo.com.br\/home\/wp-json\/wp\/v2\/media\/50359"}],"wp:attachment":[{"href":"https:\/\/goiasemtempo.com.br\/home\/wp-json\/wp\/v2\/media?parent=50358"}],"wp:term":[{"taxonomy":"category","embeddable":true,"href":"https:\/\/goiasemtempo.com.br\/home\/wp-json\/wp\/v2\/categories?post=50358"},{"taxonomy":"post_tag","embeddable":true,"href":"https:\/\/goiasemtempo.com.br\/home\/wp-json\/wp\/v2\/tags?post=50358"}],"curies":[{"name":"wp","href":"https:\/\/api.w.org\/{rel}","templated":true}]}}