{"id":5026,"date":"2017-12-24T23:12:24","date_gmt":"2017-12-24T23:12:24","guid":{"rendered":"http:\/\/goiasemtempo.com.br\/home\/?p=5026"},"modified":"2017-12-24T23:12:24","modified_gmt":"2017-12-24T23:12:24","slug":"telefonia-fixa-registra-reducao-de-107-mil-linhas-em-outubro","status":"publish","type":"post","link":"https:\/\/goiasemtempo.com.br\/home\/telefonia-fixa-registra-reducao-de-107-mil-linhas-em-outubro\/","title":{"rendered":"Telefonia fixa registra redu\u00e7\u00e3o de 107 mil linhas em outubro"},"content":{"rendered":"<p>O m\u00eas de outubro registrou queda de mais de 107 mil linhas de telefonia fixa no pa\u00eds em compara\u00e7\u00e3o com o m\u00eas de setembro. Os dados foram divulgados hoje (4) pela Ag\u00eancia Nacional de Telecomunica\u00e7\u00f5es (Anatel). No total, foram registradas menos 107.502 linhas, na compara\u00e7\u00e3o com o m\u00eas anterior.<\/p>\n<p>Com a redu\u00e7\u00e3o, passa para 40.998.519 o n\u00famero de linhas de telefonia fixa em opera\u00e7\u00e3o no pa\u00eds, sendo 17.165.290 para as autorizadas e 23.833.229 para as concession\u00e1rias.<\/p>\n<p>Os n\u00fameros da Anatel, mostram que a redu\u00e7\u00e3o no n\u00famero de linhas, nos \u00faltimos 12 meses, foi mais acentuada para as concession\u00e1rias que registraram menos 1.144.657 linhas. Uma redu\u00e7\u00e3o de 4,58%, enquanto as empresas autorizadas tiveram queda de 0,22%, com menos 37.197.<\/p>\n<p>Nos \u00faltimos 12 meses, no grupo das empresas autorizadas, a maior queda foi no Rio de Janeiro, com menos 76.681 linhas fixas, e o maior crescimento em Minas Gerais, com 51.242 novas linhas fixas.<\/p>\n<p>J\u00e1 entre as concession\u00e1rias em todos os estados houve cancelamento de linhas em rela\u00e7\u00e3o ao ano passado. Os estados que tiveram as maiores quedas foram S\u00e3o Paulo, que perdeu 324.037 linhas, e Rio de Janeiro, com menos 226.867 linhas de telefonia fixa.<\/p>\n","protected":false},"excerpt":{"rendered":"<p>O m\u00eas de outubro registrou queda de mais de 107 mil linhas de telefonia fixa no pa\u00eds em compara\u00e7\u00e3o com o m\u00eas de setembro. Os dados foram divulgados hoje (4) pela Ag\u00eancia Nacional de Telecomunica\u00e7\u00f5es (Anatel). No total, foram registradas menos 107.502 linhas, na compara\u00e7\u00e3o com o m\u00eas anterior. Com a redu\u00e7\u00e3o, passa para 40.998.519 &hellip;<\/p>\n","protected":false},"author":2,"featured_media":2240,"comment_status":"open","ping_status":"open","sticky":false,"template":"","format":"standard","meta":{"footnotes":""},"categories":[4],"tags":[],"class_list":["post-5026","post","type-post","status-publish","format-standard","has-post-thumbnail","hentry","category-ultimas-noticias"],"_links":{"self":[{"href":"https:\/\/goiasemtempo.com.br\/home\/wp-json\/wp\/v2\/posts\/5026","targetHints":{"allow":["GET"]}}],"collection":[{"href":"https:\/\/goiasemtempo.com.br\/home\/wp-json\/wp\/v2\/posts"}],"about":[{"href":"https:\/\/goiasemtempo.com.br\/home\/wp-json\/wp\/v2\/types\/post"}],"author":[{"embeddable":true,"href":"https:\/\/goiasemtempo.com.br\/home\/wp-json\/wp\/v2\/users\/2"}],"replies":[{"embeddable":true,"href":"https:\/\/goiasemtempo.com.br\/home\/wp-json\/wp\/v2\/comments?post=5026"}],"version-history":[{"count":1,"href":"https:\/\/goiasemtempo.com.br\/home\/wp-json\/wp\/v2\/posts\/5026\/revisions"}],"predecessor-version":[{"id":5027,"href":"https:\/\/goiasemtempo.com.br\/home\/wp-json\/wp\/v2\/posts\/5026\/revisions\/5027"}],"wp:featuredmedia":[{"embeddable":true,"href":"https:\/\/goiasemtempo.com.br\/home\/wp-json\/wp\/v2\/media\/2240"}],"wp:attachment":[{"href":"https:\/\/goiasemtempo.com.br\/home\/wp-json\/wp\/v2\/media?parent=5026"}],"wp:term":[{"taxonomy":"category","embeddable":true,"href":"https:\/\/goiasemtempo.com.br\/home\/wp-json\/wp\/v2\/categories?post=5026"},{"taxonomy":"post_tag","embeddable":true,"href":"https:\/\/goiasemtempo.com.br\/home\/wp-json\/wp\/v2\/tags?post=5026"}],"curies":[{"name":"wp","href":"https:\/\/api.w.org\/{rel}","templated":true}]}}