{"id":50239,"date":"2019-08-28T14:49:10","date_gmt":"2019-08-28T14:49:10","guid":{"rendered":"http:\/\/goiasemtempo.com.br\/home\/?p=50239"},"modified":"2019-08-28T14:49:10","modified_gmt":"2019-08-28T14:49:10","slug":"vera-fischer-volta-ao-cinema-apos-20-anos-emagrece-e-celebra-fase-aos-67","status":"publish","type":"post","link":"https:\/\/goiasemtempo.com.br\/home\/vera-fischer-volta-ao-cinema-apos-20-anos-emagrece-e-celebra-fase-aos-67\/","title":{"rendered":"Vera Fischer volta ao cinema ap\u00f3s 20 anos, emagrece e celebra fase aos 67"},"content":{"rendered":"<p>A \u00faltima apari\u00e7\u00e3o nas telonas foi uma pequena participa\u00e7\u00e3o como a Rainha Dara em \u201cXuxa e os duendes 2\u201d. Anteriormente, foi protagonista de \u201cNavalha na Carne\u201d, de Neville D\u2019Almeida, que tinha verdadeiro fetiche por ela. Quase duas d\u00e9cadas depois, Vera Fischer estar\u00e1 de volta aos cinemas em breve. No papel de Gilda, uma escritora sofrida e pol\u00eamica, que decide repassar suas mem\u00f3rias no filme \u201cQuase Algu\u00e9m\u201d de Daniel Ghivelder.<\/p>\n<figure><img decoding=\"async\" class=\"inline\" src=\"https:\/\/extra.globo.com\/incoming\/23909687-32e-068\/w448\/xveroca6.jpg.pagespeed.ic.wvhokoRCTQ.jpg\" alt=\"Vera Fischer \u00e9 Gilda em \u201cQuase algu\u00e9m\u201d, uma escritora sofrida\" \/><\/p>\n<div class=\"seedtag-gohan seedtag-adunit st-in-image\">\n<div class=\"st-container\"><\/div>\n<\/div><figcaption>Vera Fischer \u00e9 Gilda em \u201cQuase algu\u00e9m\u201d, uma escritora sofrida Foto: Patricia Lino\/ reprodu\u00e7\u00e3o instagram<\/figcaption><\/figure>\n<p>A vida de Gilda e de Vera faz uma intercess\u00e3o no roteiro tamb\u00e9m escrito por Daniel. Ambas viveram no limite e se atiraram sem rede de prote\u00e7\u00e3o na vida. Ainda sem data para a estreia, \u201cQuase algu\u00e9m\u201d tem ainda Du Moscovis no elenco.<\/p>\n<div id=\"pub-in-text-1\" class=\"dfp publicidade outstream clearfix advertising--loaded\" data-extra-advertising-format=\"in-text\" data-extra-advertising-index=\"1\" data-google-query-id=\"CPHu2KHmpeQCFQx8wQodFtwGVg\">\n<div id=\"google_ads_iframe_\/85042905\/info.web.extra\/famosos\/materia_13__container__\">Ap\u00f3s renovar seu contrato com a Globo, a atriz est\u00e1 fora do ar desde o t\u00e9rmino de \u201cEspelho da vida\u201d. Da trama, levou para a pr\u00f3pria vida a amizade com a atriz Luciana Vendramini. Foi ela que apresentou a Vera a nova empres\u00e1ria, Claudia Della, que agora gerencia sua carreira no lugar de Pedro Loureiro, que rompeu seu contrato no in\u00edcio deste m\u00eas.<\/div>\n<\/div>\n<figure><img decoding=\"async\" class=\"inline\" src=\"https:\/\/extra.globo.com\/incoming\/23909685-c34-e90\/w448\/xveroca4.jpg.pagespeed.ic.pRWAqgarja.jpg\" alt=\"Com o cabeleireiro Costato, respons\u00e1vel pelo novo visual\" \/><\/p>\n<div class=\"seedtag-gohan seedtag-adunit st-in-image\">\n<div class=\"st-container\"><\/div>\n<\/div><figcaption>Com o cabeleireiro Costato, respons\u00e1vel pelo novo visual Foto: reprodu\u00e7\u00e3o\/instagram<\/figcaption><\/figure>\n<p>Vera est\u00e1 de visual novo tamb\u00e9m. Aos 67 anos e mais magra ap\u00f3s encarar uma rotina de exerc\u00edcios, a eterna diva apareceu loir\u00edssima em sua conta no Instagram e deu v\u00e1rias dicas de beleza, como andar de bicicleta e n\u00e3o dormir maquiada. Mas o rosto mais jovem despertou a d\u00favida de seus seguidores. teria Vera se rendido \u00e0 harmoniza\u00e7\u00e3o facial. Uma fonte ligada \u00e0 atriz jura que n\u00e3o.<\/p>\n<figure><img decoding=\"async\" class=\"inline\" src=\"https:\/\/extra.globo.com\/incoming\/23909686-399-883\/w448\/xveroca5.jpg.pagespeed.ic.Ph3Becrg8x.jpg\" alt=\"Luciana Vendramini virou amiga de Vera Fischer\" \/><figcaption>Luciana Vendramini virou amiga de Vera Fischer Foto: reprodu\u00e7\u00e3o\/instagram<\/figcaption><\/figure>\n<p>Com Ag\u00eancia de Not\u00edcias\/IG\/Extra<\/p>\n","protected":false},"excerpt":{"rendered":"<p>A \u00faltima apari\u00e7\u00e3o nas telonas foi uma pequena participa\u00e7\u00e3o como a Rainha Dara em \u201cXuxa e os duendes 2\u201d. Anteriormente, foi protagonista de \u201cNavalha na Carne\u201d, de Neville D\u2019Almeida, que tinha verdadeiro fetiche por ela. Quase duas d\u00e9cadas depois, Vera Fischer estar\u00e1 de volta aos cinemas em breve. No papel de Gilda, uma escritora sofrida &hellip;<\/p>\n","protected":false},"author":3,"featured_media":50240,"comment_status":"open","ping_status":"open","sticky":false,"template":"","format":"standard","meta":{"_exactmetrics_skip_tracking":false,"_exactmetrics_sitenote_active":false,"_exactmetrics_sitenote_note":"","_exactmetrics_sitenote_category":0,"footnotes":""},"categories":[12],"tags":[],"_links":{"self":[{"href":"https:\/\/goiasemtempo.com.br\/home\/wp-json\/wp\/v2\/posts\/50239"}],"collection":[{"href":"https:\/\/goiasemtempo.com.br\/home\/wp-json\/wp\/v2\/posts"}],"about":[{"href":"https:\/\/goiasemtempo.com.br\/home\/wp-json\/wp\/v2\/types\/post"}],"author":[{"embeddable":true,"href":"https:\/\/goiasemtempo.com.br\/home\/wp-json\/wp\/v2\/users\/3"}],"replies":[{"embeddable":true,"href":"https:\/\/goiasemtempo.com.br\/home\/wp-json\/wp\/v2\/comments?post=50239"}],"version-history":[{"count":1,"href":"https:\/\/goiasemtempo.com.br\/home\/wp-json\/wp\/v2\/posts\/50239\/revisions"}],"predecessor-version":[{"id":50241,"href":"https:\/\/goiasemtempo.com.br\/home\/wp-json\/wp\/v2\/posts\/50239\/revisions\/50241"}],"wp:featuredmedia":[{"embeddable":true,"href":"https:\/\/goiasemtempo.com.br\/home\/wp-json\/wp\/v2\/media\/50240"}],"wp:attachment":[{"href":"https:\/\/goiasemtempo.com.br\/home\/wp-json\/wp\/v2\/media?parent=50239"}],"wp:term":[{"taxonomy":"category","embeddable":true,"href":"https:\/\/goiasemtempo.com.br\/home\/wp-json\/wp\/v2\/categories?post=50239"},{"taxonomy":"post_tag","embeddable":true,"href":"https:\/\/goiasemtempo.com.br\/home\/wp-json\/wp\/v2\/tags?post=50239"}],"curies":[{"name":"wp","href":"https:\/\/api.w.org\/{rel}","templated":true}]}}