{"id":4987,"date":"2017-12-24T22:58:06","date_gmt":"2017-12-24T22:58:06","guid":{"rendered":"http:\/\/goiasemtempo.com.br\/home\/?p=4987"},"modified":"2017-12-24T22:58:06","modified_gmt":"2017-12-24T22:58:06","slug":"casa-de-fundador-do-grupo-boko-haram-vira-museu-na-nigeria","status":"publish","type":"post","link":"https:\/\/goiasemtempo.com.br\/home\/casa-de-fundador-do-grupo-boko-haram-vira-museu-na-nigeria\/","title":{"rendered":"Casa de fundador do grupo Boko Haram vira museu na Nig\u00e9ria"},"content":{"rendered":"<p>A casa do fundador da seita isl\u00e2mica Boko Haram, transformado em grupo extremista sanguin\u00e1rio, ser\u00e1 transformada em museu &#8211; anunciou nesta ter\u00e7a-feira (28) um membro do governo que espera perpetuar a mem\u00f3ria hist\u00f3rica de um conflito que devasta a Nig\u00e9ria h\u00e1 quase 10 anos.<\/p>\n<p>Pregador mu\u00e7ulmano carism\u00e1tico, Mohamed Yusuf fundou seu movimento radical em um bairro de Maiduguri, capital do estado de Borno, no nordeste da Nig\u00e9ria, em 2001.<\/p>\n<p>Atra\u00eda ent\u00e3o muitos membros, principalmente jovens estudantes, desapontados com a corrup\u00e7\u00e3o de seus l\u00edderes, que se reuniam no Markaz, um centro cor\u00e2nico onde havia dormit\u00f3rios e uma mesquita.<\/p>\n<p>Transformar este lugar em um museu seria, para o ministro da Informa\u00e7\u00e3o Muhamad Bulama, um meio de documentar, preservar e arquivar a Hist\u00f3ria da Nig\u00e9ria.<\/p>\n<p>O centro cor\u00e2nico est\u00e1 em ru\u00ednas desde que foi invadido pelo Ex\u00e9rcito nigeriano em julho de 2009, em um ataque que durou seis dias e deixou quase 800 mortos, incluindo Mohamed Yusuf alguns dias depois, quando estava detido.<\/p>\n<p>Foi esse ataque que fez o novo l\u00edder do movimento, Abubakar Shekau, optar pelas armas, iniciando um conflito sangrento e, alguns anos depois, tentar criar um califado em torno do lago Chade.<\/p>\n<p>O Markaz reunir\u00e1 todos os objetos relacionados \u00e0 insurrei\u00e7\u00e3o, detalhou o ministro em conversa com a AFP, rejeitando a ideia de que servir\u00e1 para melhorar a imagem de Mohamed Yusuf.<\/p>\n","protected":false},"excerpt":{"rendered":"<p>A casa do fundador da seita isl\u00e2mica Boko Haram, transformado em grupo extremista sanguin\u00e1rio, ser\u00e1 transformada em museu &#8211; anunciou nesta ter\u00e7a-feira (28) um membro do governo que espera perpetuar a mem\u00f3ria hist\u00f3rica de um conflito que devasta a Nig\u00e9ria h\u00e1 quase 10 anos. Pregador mu\u00e7ulmano carism\u00e1tico, Mohamed Yusuf fundou seu movimento radical em um &hellip;<\/p>\n","protected":false},"author":2,"featured_media":2220,"comment_status":"open","ping_status":"open","sticky":false,"template":"","format":"standard","meta":{"_exactmetrics_skip_tracking":false,"_exactmetrics_sitenote_active":false,"_exactmetrics_sitenote_note":"","_exactmetrics_sitenote_category":0,"footnotes":""},"categories":[4],"tags":[],"_links":{"self":[{"href":"https:\/\/goiasemtempo.com.br\/home\/wp-json\/wp\/v2\/posts\/4987"}],"collection":[{"href":"https:\/\/goiasemtempo.com.br\/home\/wp-json\/wp\/v2\/posts"}],"about":[{"href":"https:\/\/goiasemtempo.com.br\/home\/wp-json\/wp\/v2\/types\/post"}],"author":[{"embeddable":true,"href":"https:\/\/goiasemtempo.com.br\/home\/wp-json\/wp\/v2\/users\/2"}],"replies":[{"embeddable":true,"href":"https:\/\/goiasemtempo.com.br\/home\/wp-json\/wp\/v2\/comments?post=4987"}],"version-history":[{"count":1,"href":"https:\/\/goiasemtempo.com.br\/home\/wp-json\/wp\/v2\/posts\/4987\/revisions"}],"predecessor-version":[{"id":4988,"href":"https:\/\/goiasemtempo.com.br\/home\/wp-json\/wp\/v2\/posts\/4987\/revisions\/4988"}],"wp:featuredmedia":[{"embeddable":true,"href":"https:\/\/goiasemtempo.com.br\/home\/wp-json\/wp\/v2\/media\/2220"}],"wp:attachment":[{"href":"https:\/\/goiasemtempo.com.br\/home\/wp-json\/wp\/v2\/media?parent=4987"}],"wp:term":[{"taxonomy":"category","embeddable":true,"href":"https:\/\/goiasemtempo.com.br\/home\/wp-json\/wp\/v2\/categories?post=4987"},{"taxonomy":"post_tag","embeddable":true,"href":"https:\/\/goiasemtempo.com.br\/home\/wp-json\/wp\/v2\/tags?post=4987"}],"curies":[{"name":"wp","href":"https:\/\/api.w.org\/{rel}","templated":true}]}}