{"id":49709,"date":"2019-08-08T02:56:00","date_gmt":"2019-08-08T02:56:00","guid":{"rendered":"http:\/\/goiasemtempo.com.br\/home\/?p=49709"},"modified":"2019-08-08T02:56:00","modified_gmt":"2019-08-08T02:56:00","slug":"goias-volta-a-perder-fora-de-casa-desta-vez-para-o-corinthians-em-sp","status":"publish","type":"post","link":"https:\/\/goiasemtempo.com.br\/home\/goias-volta-a-perder-fora-de-casa-desta-vez-para-o-corinthians-em-sp\/","title":{"rendered":"Goi\u00e1s volta a perder fora de casa, desta vez para o Corinthians em SP"},"content":{"rendered":"<p>Nesta quarta-feira, o Corinthians recebeu o Goi\u00e1s, em Itaquera, pelo jogo adiado da s\u00e9tima rodada do campeonato Brasileiro S\u00e9rie A, e se deu bem. Diante de um bom p\u00fablico em Itaquera, o Tim\u00e3o confirmou seu favoritismo sobre os esmeraldinos e acabou saindo de campo com o importante triunfo por 2 a 0, gra\u00e7as aos gols de J\u00fanior Urso e Mauro Boselli, de p\u00eanalti. O resultado fez com que o rival S\u00e3o Paulo ca\u00edsse da quinta para a sexta coloca\u00e7\u00e3o na tabela, embora tenha um jogo a menos que os demais concorrentes.<\/p>\n<p>Mantendo a estrat\u00e9gia de poupar alguns nomes da equipe considerada titular, Carille colocou em campo nesta quarta um time com tr\u00eas atletas considerados reservas. Mateus Vital foi acionado na vaga de Sornoza, Carlos Augusto no lugar de Danilo Avelar e Boselli substituiu Vagner Love.<\/p>\n<p><b>Urso aparece<\/b><\/p>\n<p>Quando o Goi\u00e1s come\u00e7ava a sair mais para o jogo, criando boas chances de gol, inclusive com Kayke mandando uma bola na trave aos 17 minutos, o Corinthians voltou a mostrar que mandava em casa e no jogo. Logo aos 22, Pedrinho quase marcou ap\u00f3s \u00f3tima jogada de Mateus Vital.<\/p>\n<p>Dois minutos depois, enfim, saiu o gol do Tim\u00e3o. E ap\u00f3s um belo lance com uma boa troca de passes entre Fagner, Gabriel e Clayson, que cruzou rasteiro para o meio da \u00e1rea e encontrou J\u00fanior Urso sozinho. O volante chegou batendo e mandou no \u00e2ngulo do gol advers\u00e1rio. O tento coroou a boa partida que os Urso e Gabriel j\u00e1 faziam desde o come\u00e7o da partida, aparecendo bastante perto da \u00e1rea do Goi\u00e1s.<\/p>\n<p><b>VAR em a\u00e7\u00e3o<\/b><\/p>\n<p>Como nas suas primeiras oportunidades de gol, o Goi\u00e1s voltou a assustar o Corinthians pelo lado direito do seu ataque. Aos 28, Daniel Guedes fez uma boa jogada perto da \u00e1rea e tocou para Michael. O atacante do Esmeraldino deu um belo corte em Gil e chutou rasteiro, na sa\u00edda de C\u00e1ssio. Mas, ap\u00f3s consulta ao VAR, o juiz Bruno Arleu de Ara\u00fajo anulou o que seria o gol de empate do time goiano.<\/p>\n<p><b>Jogo equilibrado<\/b><\/p>\n<p>Se o primeiro tempo foi quase todo Corinthians, a etapa final teve mais equil\u00edbrio. Logo aos cinco minutos, Clayson quase ampliou para o Tim\u00e3o, mas acabou finalizando na rede pelo lado de fora. Mas, com Michael em grande noite, o Goi\u00e1s voltou a assustar. Ap\u00f3s grande jogada do atacante, que passou por dois defensores aos 21, Kayke finalizou da entrada da \u00e1rea. C\u00e1ssio fez uma boa defesa e a bola ainda pegou na trave.<\/p>\n<p><b>Boselli define o placar<\/b><\/p>\n<p>Aos 38 minutos, J\u00fanior Urso fez mais uma boa jogada pela direita e apareceu na \u00e1rea advers\u00e1ria. Ao tentar driblar Rafael Vaz, a bola acabou batendo na m\u00e3o do defensor e o juiz marcou o p\u00eanalti. Mesmo chamado pelo assistente de v\u00eddeo para rever o lance, o \u00e1rbitro manteve a sua posi\u00e7\u00e3o e a marca\u00e7\u00e3o da penalidade. O atacante Boselli pegou a bola para bater e finalizou com for\u00e7a, no meio do gol, para marcar o seu quarto gol com a camisa do Corinthians e definir a vit\u00f3ria do Tim\u00e3o.<\/p>\n<p>Novo integrante do G6 do Brasileir\u00e3o, o Corinthians agora ter\u00e1 a dif\u00edcil tarefa de se manter entre os primeiros colocados do torneio. No pr\u00f3ximo domingo, o Tim\u00e3o visita o Internacional, concorrente direto por uma vaga \u00e0 pr\u00f3xima edi\u00e7\u00e3o da Libertadores, no Beira-Rio, \u00e0s 11h (de Bras\u00edlia). O Goi\u00e1s, por sua vez, tentar\u00e1 correr atr\u00e1s do preju\u00edzo contra o Vasco, tamb\u00e9m no domingo, \u00e0s 19h, no Serra Dourada.<\/p>\n<p><img decoding=\"async\" src=\"https:\/\/www.lance.com.br\/files\/main_gallery\/uploads\/2019\/08\/07\/5d4b6a0d4dc41.jpeg\" alt=\"Corinthians x Goi\u00c3\u00a1s\" \/><\/p>\n<div class=\"gallery-container\">\n<div class=\"gallery-inside \">\n<div class=\"fotorama--hidden\">\u00a0<b>FICHA T\u00c9CNICA<\/b><\/div>\n<div class=\"fotorama--hidden\"><b><br \/>\nCORINTHIANS 2 x 0 GOI\u00c1S<\/b><\/p>\n<p><b>Local<\/b>: Arena Corinthians, em S\u00e3o Paulo (SP)<br \/>\n<b>Data<\/b>: 7 de agosto, \u00e0s 19h15<br \/>\n<b>\u00c1rbitro<\/b>: Bruno Arleu de Ara\u00fajo (RJ) &#8211; Nota LANCE!:<br \/>\n<b>Assistentes<\/b>: Luiz Claudio Regazone (RJ) e Michael Correia (RJ)<br \/>\n<b>\u00c1rbitro de v\u00eddeo:\u00a0<\/b>Rodrigo Carvalhaes de Miranda (RJ)<br \/>\n<b>P\u00fablico\/Renda<\/b>: 34.595 pagantes\/R$ 1.307.624,00<br \/>\n<b>Gramado<\/b>: Bom.<br \/>\n<b>Cart\u00e3o amarelo:<\/b>\u00a0Fagner (COR), Daniel Guedes e L\u00e9o Sena (GOI)<br \/>\n<b>Cart\u00e3o vermelho:<\/b>\u00a0Yago Felipe (GOI)<\/p>\n<p><b>GOLS<\/b>: J\u00fanior Urso, 24\u2019\/1\u00baT (1-0) e Boselli, 41\u2019\/2\u00baT (2-0)<\/p>\n<p><b>CORINTHIANS<\/b>: C\u00e1ssio; Fagner, Manoel, Gil e Carlos Augusto; J\u00fanior Urso (Matheus Jesus, 43\u2019,2\u00baT) e Gabriel; Pedrinho; Mateus Vital (Jadson, 17\u2019\/2\u00baT) e Clayson (Everaldo, 34\u2019\/2\u00baT); Boselli.\u00a0<b>T\u00e9cnico<\/b>: F\u00e1bio Carille.<\/p>\n<p><b>GOI\u00c1S<\/b>: Tadeu; Daniel Guedes, F\u00e1bio Sanches, Rafael Vaz e Jefferson; Geovane, Yago Felipe e L\u00e9o Sena; Michael (J\u00fanior Brand\u00e3o, 37\u2019\/2\u00baT), Kayke (Rafael Moura, 22\u2019\/2\u00baT) e Leandro Barcia (Renatinho, 15\u2019\/2\u00baT).\u00a0<b>T\u00e9cnico<\/b>: Robson Gomes.<\/div>\n<div id=\"gallery-2771438\" class=\"fotorama fotorama1565231657908\" data-nav=\"thumbs\" data-hash=\"true\" data-width=\"100%\" data-loop=\"true\" data-ratio=\"16\/9\" data-click=\"true\" data-fit=\"contain\" data-thumbfit=\"contain\" data-keyboard=\"true\" data-swipe=\"true\" data-allowfullscreen=\"native\" data-minheight=\"330\">\n<div class=\"fotorama__wrap fotorama__wrap--css3 fotorama__wrap--slide fotorama__wrap--toggle-arrows\">\n<div class=\"fotorama__stage fotorama__pointer\">\n<div class=\"fotorama__fullscreen-icon\" tabindex=\"0\" role=\"button\"><\/div>\n<div class=\"fotorama__stage__shaft\">\n<div class=\"fotorama__stage__frame fotorama__active fotorama__loaded fotorama__loaded--img\">\n<div class=\"seedtag-gohan seedtag-adunit st-in-image\">\n<div class=\"st-container\"><\/div>\n<\/div>\n<div class=\"fotorama__caption\">\n<div class=\"fotorama__caption__wrap\">Foto: Daniel Augusto Jr. \/ Ag. Corinthians<\/div>\n<\/div>\n<\/div>\n<div class=\"fotorama__stage__frame fotorama__loaded fotorama__loaded--img\"><img decoding=\"async\" class=\"fotorama__img\" src=\"https:\/\/www.gazetaesportiva.com\/wp-content\/uploads\/imagem\/2019\/08\/07\/A4480F160565-1024x682.jpg\" \/><\/p>\n<div class=\"fotorama__caption\"><\/div>\n<\/div>\n<div class=\"fotorama__stage__frame fotorama__loaded fotorama__loaded--img\">\n<div class=\"fotorama__caption\">\n<div class=\"fotorama__caption__wrap\"><\/div>\n<\/div>\n<\/div>\n<\/div>\n<div class=\"fotorama__arr fotorama__arr--prev\" tabindex=\"0\" role=\"button\"><\/div>\n<div class=\"fotorama__arr fotorama__arr--next\" tabindex=\"0\" role=\"button\"><\/div>\n<div class=\"fotorama__video-close\"><\/div>\n<\/div>\n<div class=\"fotorama__nav-wrap\">\n<div class=\"fotorama__nav fotorama__nav--thumbs fotorama__shadows--right\">\n<div class=\"fotorama__nav__shaft fotorama__grab\">\n<div class=\"fotorama__thumb-border\"><\/div>\n<div class=\"fotorama__nav__frame fotorama__nav__frame--thumb fotorama__active\" tabindex=\"0\" role=\"button\">\n<div class=\"fotorama__thumb fotorama__loaded fotorama__loaded--img\"><\/div>\n<\/div>\n<div class=\"fotorama__nav__frame fotorama__nav__frame--thumb\" tabindex=\"0\" role=\"button\">\n<div class=\"fotorama__thumb\"><\/div>\n<\/div>\n<\/div>\n<\/div>\n<\/div>\n<\/div>\n<\/div>\n<\/div>\n<\/div>\n<div id=\"mwayss_div_1489828556\" class=\"mwayss_div\">\n<div id=\"adSlot_1697_3753_15652316765d4b8a3c3b81c\">\n<div class=\"mox_stage mox_horizontalAxis\">\n<div class=\"mox_proscenium mox_hcenter mox_vcenter mox_rollAnimation\">\n<div class=\"mox_videoWrapper\"><\/div>\n<\/div>\n<\/div>\n<\/div>\n<\/div>\n<div id=\"_mwayss-4f5a724fd2859c88a17b074a5df2da6e1565231666445\"><\/div>\n","protected":false},"excerpt":{"rendered":"<p>Nesta quarta-feira, o Corinthians recebeu o Goi\u00e1s, em Itaquera, pelo jogo adiado da s\u00e9tima rodada do campeonato Brasileiro S\u00e9rie A, e se deu bem. Diante de um bom p\u00fablico em Itaquera, o Tim\u00e3o confirmou seu favoritismo sobre os esmeraldinos e acabou saindo de campo com o importante triunfo por 2 a 0, gra\u00e7as aos gols &hellip;<\/p>\n","protected":false},"author":3,"featured_media":49710,"comment_status":"open","ping_status":"open","sticky":false,"template":"","format":"standard","meta":{"_exactmetrics_skip_tracking":false,"_exactmetrics_sitenote_active":false,"_exactmetrics_sitenote_note":"","_exactmetrics_sitenote_category":0,"footnotes":""},"categories":[36],"tags":[],"_links":{"self":[{"href":"https:\/\/goiasemtempo.com.br\/home\/wp-json\/wp\/v2\/posts\/49709"}],"collection":[{"href":"https:\/\/goiasemtempo.com.br\/home\/wp-json\/wp\/v2\/posts"}],"about":[{"href":"https:\/\/goiasemtempo.com.br\/home\/wp-json\/wp\/v2\/types\/post"}],"author":[{"embeddable":true,"href":"https:\/\/goiasemtempo.com.br\/home\/wp-json\/wp\/v2\/users\/3"}],"replies":[{"embeddable":true,"href":"https:\/\/goiasemtempo.com.br\/home\/wp-json\/wp\/v2\/comments?post=49709"}],"version-history":[{"count":1,"href":"https:\/\/goiasemtempo.com.br\/home\/wp-json\/wp\/v2\/posts\/49709\/revisions"}],"predecessor-version":[{"id":49711,"href":"https:\/\/goiasemtempo.com.br\/home\/wp-json\/wp\/v2\/posts\/49709\/revisions\/49711"}],"wp:featuredmedia":[{"embeddable":true,"href":"https:\/\/goiasemtempo.com.br\/home\/wp-json\/wp\/v2\/media\/49710"}],"wp:attachment":[{"href":"https:\/\/goiasemtempo.com.br\/home\/wp-json\/wp\/v2\/media?parent=49709"}],"wp:term":[{"taxonomy":"category","embeddable":true,"href":"https:\/\/goiasemtempo.com.br\/home\/wp-json\/wp\/v2\/categories?post=49709"},{"taxonomy":"post_tag","embeddable":true,"href":"https:\/\/goiasemtempo.com.br\/home\/wp-json\/wp\/v2\/tags?post=49709"}],"curies":[{"name":"wp","href":"https:\/\/api.w.org\/{rel}","templated":true}]}}