{"id":49689,"date":"2019-08-07T18:43:49","date_gmt":"2019-08-07T18:43:49","guid":{"rendered":"http:\/\/goiasemtempo.com.br\/home\/?p=49689"},"modified":"2019-08-07T18:53:36","modified_gmt":"2019-08-07T18:53:36","slug":"governadores-anapolinos-em-outros-estados-recebem-homenagem-da-camara-de-anapolis","status":"publish","type":"post","link":"https:\/\/goiasemtempo.com.br\/home\/governadores-anapolinos-em-outros-estados-recebem-homenagem-da-camara-de-anapolis\/","title":{"rendered":"Governadores anapolinos em outros estados, recebem homenagem da C\u00e2mara de An\u00e1polis"},"content":{"rendered":"<p>Na noite desta ter\u00e7a-feira, dia 06, a C\u00e2mara Municipal de An\u00e1polis fez a entrega do t\u00edtulo de Cidad\u00e3o Benem\u00e9rito da Comunidade de An\u00e1polis para os governadores de Roraima, Ant\u00f4nio Denarium, e de Mato Grosso, Mauro Mendes. A honraria foi entre\u200bgue na sess\u00e3o solene,e reimprimiu a\u00a0 Ronaldo Caiado o mesmo t\u00edtulo, que ele havia recebido em agosto de 2015. Com isso, o Legislativo anapolino homenageou, de uma s\u00f3 vez, tr\u00eas governadores que s\u00e3o nascidos na cidade.<\/p>\n<p>O t\u00edtulo de Cidad\u00e3o Benem\u00e9rito da Comunidade de An\u00e1polis \u00e9 destinado \u00e0s pessoas que tenham contribu\u00eddo para o munic\u00edpio sem visar lucros, interesses pessoais ou profissionais, que colaboram para o crescimento e desenvolvimento local atrav\u00e9s de relevantes servi\u00e7os prestados. A proposta de homenagem aos governadores Mauro Mendes e Ant\u00f4nio Denarium foi do vereador Lisieux Borges. J\u00e1 a de Caiado, que foi reimpressa, foi proposta pelo vereador Gleimo Martins.<\/p>\n<p>No in\u00edcio da cerim\u00f4nia, Caiado brincou que ainda n\u00e3o tinha procurado no livro dos recordes, mas acreditava que n\u00e3o tinha cidade no Pa\u00eds que tenha tr\u00eas governadores no mesmo per\u00edodo legislativo como chefe de Estado. \u201cRealmente, \u00e9 um diferencial grande. E a gente precisa, mais do que nunca, reconhecer esses colegas que sa\u00edram do Estado e que fazem hist\u00f3ria na pol\u00edtica. S\u00e3o refer\u00eancia na pol\u00edtica nacional\u201d, frisou Caiado.<\/p>\n<p>Homenageado, o governador de Mato Grosso, que morou em An\u00e1polis no Bairro Maracan\u00e3 at\u00e9 os 16 anos, ressaltou ser um prazer retornar \u00e0 cidade e receber a honraria em conjunto com os demais governadores. \u201cEsse t\u00edtulo nos traz mais responsabilidade. Que possamos honrar esse cargo importante e entregar resultados para a nossa popula\u00e7\u00e3o, cada um em seu Estado\u201d, sublinhou Mauro Mendes.<\/p>\n<p>J\u00e1 o governador de Roraima morou na regi\u00e3o do Campo Limpo, em An\u00e1polis, por 25 anos. &#8220;\u00c9 uma felicidade muito grande estar aqui recebendo esse t\u00edtulo importante na minha vida pessoal e profissional, onde sou acompanhado por diversos familiares. Foi at\u00e9 dif\u00edcil chegar aqui dentro abra\u00e7ando cada um dos amigos e familiares. A gente guarda muita saudade de An\u00e1polis. Sa\u00ed daqui aos 25 anos e agora tenho 55 anos, ou seja, 30 anos fora de An\u00e1polis. Tenho vindo aqui praticamente todos os anos visitar amigos e familiares\u201d, destacou.<\/p>\n<p><img decoding=\"async\" src=\"http:\/\/goiasemtempo.com.br\/home\/wp-content\/uploads\/2019\/08\/governadores-de-anapolis-lisieux-2.jpeg\" \/><\/p>\n<p>O presidente da C\u00e2mara, Leandro Ribeiro, ressaltou que An\u00e1polis jamais esquece os filhos valorosos. \u201cAo receber esse t\u00edtulo, sintam-se estimulados a continuar crescendo, honrando suas ra\u00edzes e orgulhando seu povo. Essa cidade se orgulha de voc\u00eas e por ser a base dos seus princ\u00edpios morais, \u00e9ticos, de f\u00e9 e de esp\u00edrito empreendedor\u201d, ressaltou. Autor da entrega do t\u00edtulo, Lisieux Borges argumentou que a honraria \u00e9 para pessoas que nasceram na cidade e \u201cque projetam o nome de An\u00e1polis para fora do Estado. Voc\u00eas s\u00e3o refer\u00eancia para todos os anapolinos\u201d, completou.<\/p>\n<p>Participaram da entrega do t\u00edtulo de Cidad\u00e3o Benem\u00e9rito da Comunidade de An\u00e1polis os senadores Vanderlan Cardoso e Mecias de Jesus (Roraima); os deputados estaduais Amilton Filho e Coronel Adailton; o presidente da Federa\u00e7\u00e3o da Ind\u00fastria de Goi\u00e1s (Fieg), Sandro Mabel; o vice-prefeito de An\u00e1polis, M\u00e1rcio C\u00e2ndido; o assessor especial do Estado, Lineu Ol\u00edmpio; e os vereadores de An\u00e1polis, Fernando Paiva, Professora Geli Sanches, L\u00e9lio Alvarenga, Pastor Elias, Jean Carlos, Jo\u00e3o Feitosa, Deusmar Jap\u00e3o, Teles J\u00fanior, Mauro Severiano, Am\u00e9rico Ferreira e Domingos Paula.<\/p>\n<p>Estiveram presentes ainda o prefeito de Goian\u00e9sia, Renato de Castro; o ex-deputado Pedro Canedo; os presidentes Wilmar Jardim Carvalho (CDL An\u00e1polis) e Jorge Henrique Elias (OAB de An\u00e1polis); o representante da Associa\u00e7\u00e3o Comercial e Industrial de An\u00e1polis (Acia), Luiz Medeiros; e o suplente de deputado Miguel Marula.<\/p>\n<p>Da reda\u00e7\u00e3o: <em>Goi\u00e1s em Tempo<\/em><\/p>\n<p>Acr\u00e9scimo de informa\u00e7\u00f5es: Portal Goi\u00e1s<\/p>\n<p>&nbsp;<\/p>\n","protected":false},"excerpt":{"rendered":"<p>Na noite desta ter\u00e7a-feira, dia 06, a C\u00e2mara Municipal de An\u00e1polis fez a entrega do t\u00edtulo de Cidad\u00e3o Benem\u00e9rito da Comunidade de An\u00e1polis para os governadores de Roraima, Ant\u00f4nio Denarium, e de Mato Grosso, Mauro Mendes. A honraria foi entre\u200bgue na sess\u00e3o solene,e reimprimiu a\u00a0 Ronaldo Caiado o mesmo t\u00edtulo, que ele havia recebido em &hellip;<\/p>\n","protected":false},"author":3,"featured_media":49695,"comment_status":"open","ping_status":"open","sticky":false,"template":"","format":"standard","meta":{"_exactmetrics_skip_tracking":false,"_exactmetrics_sitenote_active":false,"_exactmetrics_sitenote_note":"","_exactmetrics_sitenote_category":0,"footnotes":""},"categories":[19],"tags":[],"_links":{"self":[{"href":"https:\/\/goiasemtempo.com.br\/home\/wp-json\/wp\/v2\/posts\/49689"}],"collection":[{"href":"https:\/\/goiasemtempo.com.br\/home\/wp-json\/wp\/v2\/posts"}],"about":[{"href":"https:\/\/goiasemtempo.com.br\/home\/wp-json\/wp\/v2\/types\/post"}],"author":[{"embeddable":true,"href":"https:\/\/goiasemtempo.com.br\/home\/wp-json\/wp\/v2\/users\/3"}],"replies":[{"embeddable":true,"href":"https:\/\/goiasemtempo.com.br\/home\/wp-json\/wp\/v2\/comments?post=49689"}],"version-history":[{"count":1,"href":"https:\/\/goiasemtempo.com.br\/home\/wp-json\/wp\/v2\/posts\/49689\/revisions"}],"predecessor-version":[{"id":49692,"href":"https:\/\/goiasemtempo.com.br\/home\/wp-json\/wp\/v2\/posts\/49689\/revisions\/49692"}],"wp:featuredmedia":[{"embeddable":true,"href":"https:\/\/goiasemtempo.com.br\/home\/wp-json\/wp\/v2\/media\/49695"}],"wp:attachment":[{"href":"https:\/\/goiasemtempo.com.br\/home\/wp-json\/wp\/v2\/media?parent=49689"}],"wp:term":[{"taxonomy":"category","embeddable":true,"href":"https:\/\/goiasemtempo.com.br\/home\/wp-json\/wp\/v2\/categories?post=49689"},{"taxonomy":"post_tag","embeddable":true,"href":"https:\/\/goiasemtempo.com.br\/home\/wp-json\/wp\/v2\/tags?post=49689"}],"curies":[{"name":"wp","href":"https:\/\/api.w.org\/{rel}","templated":true}]}}