{"id":49657,"date":"2019-08-07T14:56:19","date_gmt":"2019-08-07T14:56:19","guid":{"rendered":"http:\/\/goiasemtempo.com.br\/home\/?p=49657"},"modified":"2019-08-07T14:56:52","modified_gmt":"2019-08-07T14:56:52","slug":"para-pedir-transferencia-de-lula-a-sao-paulo-pf-alegou-aglomeracao-de-apoio-e-custos-da-prisao","status":"publish","type":"post","link":"https:\/\/goiasemtempo.com.br\/home\/para-pedir-transferencia-de-lula-a-sao-paulo-pf-alegou-aglomeracao-de-apoio-e-custos-da-prisao\/","title":{"rendered":"Para pedir transfer\u00eancia de Lula a S\u00e3o Paulo, PF alegou aglomera\u00e7\u00e3o de apoio e custos da pris\u00e3o"},"content":{"rendered":"<p>O pedido para que o ex-presidente Luiz In\u00e1cio\u00a0<strong>Lula<\/strong>\u00a0da Silva seja transferido de Curitiba para\u00a0<strong>S\u00e3o Paulo<\/strong>\u00a0foi formulado pela\u00a0<strong>Pol\u00edcia Federal<\/strong>\u00a0do Paran\u00e1. Segundo a decis\u00e3o da ju\u00edza, a defesa de Lula se manifestou contra. (\u00a0<strong><a href=\"https:\/\/d37iydjzbdkvr9.cloudfront.net\/arquivos\/2019\/08\/07\/lula.pdf\">Confira a \u00edntegra da decis\u00e3o<\/a><\/strong>\u00a0).<\/p>\n<p>Segundo os advogados de Lula, em caso de transfer\u00eancia,\u00a0 por se tratar de um ex-presidente, \u00e9 &#8220;imprescind\u00edvel assegurar ao custodiado o direito de permanecer em local pr\u00f3ximo ao seu meio social e familiar&#8221;.<\/p>\n<p>O despacho da ju\u00edza Carolina Lebbos informa ainda que um dos motivos alegados para a transfer\u00eancia \u00e9\u00a0 a estrutura montada nos arredores da sede da Superintend\u00eancia da Pol\u00edcia Federal de Curitiba por apoiadores do ex-presidente. &#8220;Aponta que o local de encarceramento \u00e9 localizado na \u00e1rea urbana de Curitiba, ocupada por im\u00f3veis de natureza residencial; que desde o encarceramento a rotina dos moradores da regi\u00e3o nunca mais foi a mesma<\/p>\n<p>Outro motivo alegado pela ju\u00edza foi o custo de manter Lula na Superintend\u00eancia da PF, que tem estrutura limitada. &#8220;N\u00e3o se nega que muitos dos custos envolvidos com a cust\u00f3dia do apenado &#8211; como com a de todo preso &#8211; ser\u00e3o transferidos juntamente com eventual deslocamento do executado. Todavia, a sede da Superintend\u00eancia da Pol\u00edcia Federal no Paran\u00e1 \u00e9 originariamente vocacionada apenas \u00e0 cust\u00f3dia transit\u00f3ria de presos provis\u00f3rios, possuindo estrutura f\u00edsica, material e de pessoal limitada no concernente ao aprisionamento&#8221;.<\/p>\n<p>Segundo a defesa, al\u00e9m das garantias constitucionais do preso, deve ser mantida a\u00a0 liberdade de express\u00e3o dos manifestantes &#8220;em desfavor dos supostos contratempos ocasionados aos moradores da regi\u00e3o&#8221;.<\/p>\n<p>Logo ap\u00f3s a decis\u00e3o de transferir Lula, a defesa pediu a suspens\u00e3o da an\u00e1lise do pedido da Superintend\u00eancia da PF at\u00e9 o julgamento final do habeas corpus pelo Supremo Tribunal Federal (STF).<\/p>\n<div class=\"article__author\">S\u00e9rgio Roxo e Fl\u00e1vio Freire<\/div>\n<div class=\"article__date\">07\/08\/2019 &#8211; 10:32 \/ Atualizado em 07\/08\/2019 &#8211; 11:36<\/div>\n<p>&nbsp;<\/p>\n<p>&nbsp;<\/p>\n","protected":false},"excerpt":{"rendered":"<p>O pedido para que o ex-presidente Luiz In\u00e1cio\u00a0Lula\u00a0da Silva seja transferido de Curitiba para\u00a0S\u00e3o Paulo\u00a0foi formulado pela\u00a0Pol\u00edcia Federal\u00a0do Paran\u00e1. Segundo a decis\u00e3o da ju\u00edza, a defesa de Lula se manifestou contra. (\u00a0Confira a \u00edntegra da decis\u00e3o\u00a0). Segundo os advogados de Lula, em caso de transfer\u00eancia,\u00a0 por se tratar de um ex-presidente, \u00e9 &#8220;imprescind\u00edvel assegurar ao &hellip;<\/p>\n","protected":false},"author":3,"featured_media":49658,"comment_status":"open","ping_status":"open","sticky":false,"template":"","format":"standard","meta":{"_exactmetrics_skip_tracking":false,"_exactmetrics_sitenote_active":false,"_exactmetrics_sitenote_note":"","_exactmetrics_sitenote_category":0,"footnotes":""},"categories":[26],"tags":[],"_links":{"self":[{"href":"https:\/\/goiasemtempo.com.br\/home\/wp-json\/wp\/v2\/posts\/49657"}],"collection":[{"href":"https:\/\/goiasemtempo.com.br\/home\/wp-json\/wp\/v2\/posts"}],"about":[{"href":"https:\/\/goiasemtempo.com.br\/home\/wp-json\/wp\/v2\/types\/post"}],"author":[{"embeddable":true,"href":"https:\/\/goiasemtempo.com.br\/home\/wp-json\/wp\/v2\/users\/3"}],"replies":[{"embeddable":true,"href":"https:\/\/goiasemtempo.com.br\/home\/wp-json\/wp\/v2\/comments?post=49657"}],"version-history":[{"count":2,"href":"https:\/\/goiasemtempo.com.br\/home\/wp-json\/wp\/v2\/posts\/49657\/revisions"}],"predecessor-version":[{"id":49660,"href":"https:\/\/goiasemtempo.com.br\/home\/wp-json\/wp\/v2\/posts\/49657\/revisions\/49660"}],"wp:featuredmedia":[{"embeddable":true,"href":"https:\/\/goiasemtempo.com.br\/home\/wp-json\/wp\/v2\/media\/49658"}],"wp:attachment":[{"href":"https:\/\/goiasemtempo.com.br\/home\/wp-json\/wp\/v2\/media?parent=49657"}],"wp:term":[{"taxonomy":"category","embeddable":true,"href":"https:\/\/goiasemtempo.com.br\/home\/wp-json\/wp\/v2\/categories?post=49657"},{"taxonomy":"post_tag","embeddable":true,"href":"https:\/\/goiasemtempo.com.br\/home\/wp-json\/wp\/v2\/tags?post=49657"}],"curies":[{"name":"wp","href":"https:\/\/api.w.org\/{rel}","templated":true}]}}