{"id":4963,"date":"2017-12-24T22:49:31","date_gmt":"2017-12-24T22:49:31","guid":{"rendered":"http:\/\/goiasemtempo.com.br\/home\/?p=4963"},"modified":"2017-12-24T22:49:31","modified_gmt":"2017-12-24T22:49:31","slug":"populacao-muculmana-vai-crescer-na-europa-ate-2050","status":"publish","type":"post","link":"https:\/\/goiasemtempo.com.br\/home\/populacao-muculmana-vai-crescer-na-europa-ate-2050\/","title":{"rendered":"Popula\u00e7\u00e3o mu\u00e7ulmana vai crescer na Europa at\u00e9 2050"},"content":{"rendered":"<p>Os mu\u00e7ulmanos poder\u00e3o representar entre 7,4% e 14% da popula\u00e7\u00e3o europeia em 2050, frente a 4,9% em 2016, mesmo que n\u00e3o haja imigra\u00e7\u00e3o, segundo um estudo do Centro de Pesquisa Pew que ser\u00e1 publicado nesta quinta-feira (30).<\/p>\n<p>O instituto independente americano, famoso por suas pesquisas sobre demografia religiosa, estabeleceu suas previs\u00f5es em um per\u00edmetro que inclui os 28 pa\u00edses da Uni\u00e3o Europeia (incluindo o Reino Unido), assim como Noruega e Su\u00ed\u00e7a.<\/p>\n<p>O centro de pesquisa, que calcula que 53% dos migrantes que chegaram \u00e0 Europa entre 2010 e 2016 eram mu\u00e7ulmanos, realizou seu estudo a partir de tr\u00eas cen\u00e1rios de imigra\u00e7\u00e3o.<\/p>\n<p>O primeiro (imigra\u00e7\u00e3o zero), que sup\u00f5e o fim imediato e permanente da imigra\u00e7\u00e3o nos pa\u00edses afetados, antecipa que a popula\u00e7\u00e3o mu\u00e7ulmana passar\u00e1 de 4,9% em meados de 2016 para 7,4% dos habitantes desses pa\u00edses em 2050. Pew explica esse crescimento pelo fato de que os mu\u00e7ulmanos s\u00e3o mais jovens (em m\u00e9dia 13 anos) e t\u00eam maior fecundidade (quase um filho a mais por mulher) que os demais europeus.<\/p>\n<p>O segundo cen\u00e1rio (imigra\u00e7\u00e3o m\u00e9dia) se baseia na continuidade da imigra\u00e7\u00e3o legal registrada na Europa nos \u00faltimos anos e no final da chegada de migrantes que buscam ref\u00fagio na Europa. Segundo essa hip\u00f3tese, a minoria mu\u00e7ulmana chegaria a 11,2% da popula\u00e7\u00e3o europeia em 2050.<\/p>\n<p>Por \u00faltimo, o terceiro cen\u00e1rio (imigra\u00e7\u00e3o forte) prev\u00ea que a chegada expressiva de migrantes registrada entre 2014 e 2016 siga o mesmo ritmo at\u00e9 2050, levando a porcentagem de cidad\u00e3os mu\u00e7ulmanos a 14% da popula\u00e7\u00e3o europeia. Uma propor\u00e7\u00e3o quase tr\u00eas vezes superior \u00e0 atual, mas consideravelmente inferior \u00e0quela dos crist\u00e3os e \u00e0s pessoas sem religi\u00e3o juntos, aponta o centro Pew.<\/p>\n<p>Os mu\u00e7ulmanos da Fran\u00e7a, que segundo o estudo eram 5,7 milh\u00f5es em 2016 (8,8% da popula\u00e7\u00e3o), continuar\u00e3o formando a primeira comunidade mu\u00e7ulmana da Europa no caso de uma imigra\u00e7\u00e3o zero (8,6 milh\u00f5es, 12,7%). Seriam 12,6 milh\u00f5es (17,4%) com uma imigra\u00e7\u00e3o m\u00e9dia, e 13,2 milh\u00f5es (18%) em caso de imigra\u00e7\u00e3o forte.<\/p>\n<p>Esta \u00faltima possibilidade \u00e9 a \u00fanica que permitir\u00eda evitar uma redu\u00e7\u00e3o da popula\u00e7\u00e3o dos 30 pa\u00edses estudados (520,8 milh\u00f5es de habitantes em 2016). Em caso de imigra\u00e7\u00e3o forte, a popula\u00e7\u00e3o chegaria a 538,6 milh\u00f5es de habitantes, frente aos 516,9 milh\u00f5es estimados com uma imigra\u00e7\u00e3o m\u00e9dia e os 481,7 milh\u00f5es antecipados com uma imigra\u00e7\u00e3o zero.<\/p>\n","protected":false},"excerpt":{"rendered":"<p>Os mu\u00e7ulmanos poder\u00e3o representar entre 7,4% e 14% da popula\u00e7\u00e3o europeia em 2050, frente a 4,9% em 2016, mesmo que n\u00e3o haja imigra\u00e7\u00e3o, segundo um estudo do Centro de Pesquisa Pew que ser\u00e1 publicado nesta quinta-feira (30). O instituto independente americano, famoso por suas pesquisas sobre demografia religiosa, estabeleceu suas previs\u00f5es em um per\u00edmetro que &hellip;<\/p>\n","protected":false},"author":2,"featured_media":2208,"comment_status":"open","ping_status":"open","sticky":false,"template":"","format":"standard","meta":{"footnotes":""},"categories":[4],"tags":[],"class_list":["post-4963","post","type-post","status-publish","format-standard","has-post-thumbnail","hentry","category-ultimas-noticias"],"_links":{"self":[{"href":"https:\/\/goiasemtempo.com.br\/home\/wp-json\/wp\/v2\/posts\/4963","targetHints":{"allow":["GET"]}}],"collection":[{"href":"https:\/\/goiasemtempo.com.br\/home\/wp-json\/wp\/v2\/posts"}],"about":[{"href":"https:\/\/goiasemtempo.com.br\/home\/wp-json\/wp\/v2\/types\/post"}],"author":[{"embeddable":true,"href":"https:\/\/goiasemtempo.com.br\/home\/wp-json\/wp\/v2\/users\/2"}],"replies":[{"embeddable":true,"href":"https:\/\/goiasemtempo.com.br\/home\/wp-json\/wp\/v2\/comments?post=4963"}],"version-history":[{"count":1,"href":"https:\/\/goiasemtempo.com.br\/home\/wp-json\/wp\/v2\/posts\/4963\/revisions"}],"predecessor-version":[{"id":4964,"href":"https:\/\/goiasemtempo.com.br\/home\/wp-json\/wp\/v2\/posts\/4963\/revisions\/4964"}],"wp:featuredmedia":[{"embeddable":true,"href":"https:\/\/goiasemtempo.com.br\/home\/wp-json\/wp\/v2\/media\/2208"}],"wp:attachment":[{"href":"https:\/\/goiasemtempo.com.br\/home\/wp-json\/wp\/v2\/media?parent=4963"}],"wp:term":[{"taxonomy":"category","embeddable":true,"href":"https:\/\/goiasemtempo.com.br\/home\/wp-json\/wp\/v2\/categories?post=4963"},{"taxonomy":"post_tag","embeddable":true,"href":"https:\/\/goiasemtempo.com.br\/home\/wp-json\/wp\/v2\/tags?post=4963"}],"curies":[{"name":"wp","href":"https:\/\/api.w.org\/{rel}","templated":true}]}}