{"id":49577,"date":"2019-08-01T14:31:07","date_gmt":"2019-08-01T14:31:07","guid":{"rendered":"http:\/\/goiasemtempo.com.br\/home\/?p=49577"},"modified":"2019-08-01T14:33:36","modified_gmt":"2019-08-01T14:33:36","slug":"martim-cerere-recebe-4a-edicao-do-festival-rapense","status":"publish","type":"post","link":"https:\/\/goiasemtempo.com.br\/home\/martim-cerere-recebe-4a-edicao-do-festival-rapense\/","title":{"rendered":"Martim Cerer\u00ea recebe 4\u00aa edi\u00e7\u00e3o do Festival Rapense"},"content":{"rendered":"<p>O Centro Cultural Martim Cerer\u00ea, unidade da Secretaria de Cultura de Goi\u00e1s, recebe o Festival Rapense. com uma programa\u00e7\u00e3o ecl\u00e9tica e entrada gratuita. O evento ser\u00e1 nesta sexta-feira, dia 2, a partir \u00e0s 17 horas, e no s\u00e1bado, dia 3, a partir das 16 horas.<\/p>\n<p>O evento re\u00fane diversos grupos locais, como Liga dos Monstros, Kment, Wukazulo, Blxxds e Devito Cxrleone, com o melhor do hip hop, B\u2019boys, Mc\u2019s, Dj\u2019s, al\u00e9m de interven\u00e7\u00f5es de grafite, breakdance e feira de exposi\u00e7\u00e3o. Uma das atra\u00e7\u00f5es principais do festival \u00e9 o grupo Fac\u00e7\u00e3o Central, de S\u00e3o Paulo, um dos principais no segmento do Rap do Brasil.<\/p>\n<p>O Rapense \u00e9 realizado direcionado a diversos p\u00fablicos. Segundo os organizadores do festival, o objetivo da iniciativa \u00e9 promover a inser\u00e7\u00e3o, com o acesso de comunidades carentes \u00e0 cultura e espet\u00e1culos musicais e art\u00edsticos.<\/p>\n<div class=\"m-banner-wrap m-publicity-content-middle\">\n<div id=\"div-gpt-ad-quadrado-3\" data-google-query-id=\"CJjhupHx4eMCFUdowQodo24Mjg\">\n<div id=\"google_ads_iframe_\/176290677\/quadrado-3_0__container__\"><span style=\"font-size: 24px; font-weight: bold;\">Servi\u00e7o:<\/span><\/div>\n<\/div>\n<\/div>\n<p>4\u00aa edi\u00e7\u00e3o do Festival Rapense<\/p>\n<p>Local: Centro Cultural Martim Cerer\u00ea<\/p>\n<p>Data: Sexta-feira, dia 2\/08, \u00e0s 17h, e s\u00e1bado, dias 3, a partir das 16h<\/p>\n","protected":false},"excerpt":{"rendered":"<p>O Centro Cultural Martim Cerer\u00ea, unidade da Secretaria de Cultura de Goi\u00e1s, recebe o Festival Rapense. com uma programa\u00e7\u00e3o ecl\u00e9tica e entrada gratuita. O evento ser\u00e1 nesta sexta-feira, dia 2, a partir \u00e0s 17 horas, e no s\u00e1bado, dia 3, a partir das 16 horas. O evento re\u00fane diversos grupos locais, como Liga dos Monstros, &hellip;<\/p>\n","protected":false},"author":3,"featured_media":49578,"comment_status":"open","ping_status":"open","sticky":false,"template":"","format":"standard","meta":{"_exactmetrics_skip_tracking":false,"_exactmetrics_sitenote_active":false,"_exactmetrics_sitenote_note":"","_exactmetrics_sitenote_category":0,"footnotes":""},"categories":[32],"tags":[],"_links":{"self":[{"href":"https:\/\/goiasemtempo.com.br\/home\/wp-json\/wp\/v2\/posts\/49577"}],"collection":[{"href":"https:\/\/goiasemtempo.com.br\/home\/wp-json\/wp\/v2\/posts"}],"about":[{"href":"https:\/\/goiasemtempo.com.br\/home\/wp-json\/wp\/v2\/types\/post"}],"author":[{"embeddable":true,"href":"https:\/\/goiasemtempo.com.br\/home\/wp-json\/wp\/v2\/users\/3"}],"replies":[{"embeddable":true,"href":"https:\/\/goiasemtempo.com.br\/home\/wp-json\/wp\/v2\/comments?post=49577"}],"version-history":[{"count":1,"href":"https:\/\/goiasemtempo.com.br\/home\/wp-json\/wp\/v2\/posts\/49577\/revisions"}],"predecessor-version":[{"id":49579,"href":"https:\/\/goiasemtempo.com.br\/home\/wp-json\/wp\/v2\/posts\/49577\/revisions\/49579"}],"wp:featuredmedia":[{"embeddable":true,"href":"https:\/\/goiasemtempo.com.br\/home\/wp-json\/wp\/v2\/media\/49578"}],"wp:attachment":[{"href":"https:\/\/goiasemtempo.com.br\/home\/wp-json\/wp\/v2\/media?parent=49577"}],"wp:term":[{"taxonomy":"category","embeddable":true,"href":"https:\/\/goiasemtempo.com.br\/home\/wp-json\/wp\/v2\/categories?post=49577"},{"taxonomy":"post_tag","embeddable":true,"href":"https:\/\/goiasemtempo.com.br\/home\/wp-json\/wp\/v2\/tags?post=49577"}],"curies":[{"name":"wp","href":"https:\/\/api.w.org\/{rel}","templated":true}]}}