{"id":48809,"date":"2019-06-22T14:32:03","date_gmt":"2019-06-22T14:32:03","guid":{"rendered":"http:\/\/goiasemtempo.com.br\/home\/?p=48809"},"modified":"2019-06-22T14:32:03","modified_gmt":"2019-06-22T14:32:03","slug":"jogador-do-vasco-morre-em-acidente-de-transito-no-rio","status":"publish","type":"post","link":"https:\/\/goiasemtempo.com.br\/home\/jogador-do-vasco-morre-em-acidente-de-transito-no-rio\/","title":{"rendered":"Jogador do Vasco morre em acidente de tr\u00e2nsito no Rio"},"content":{"rendered":"<p>O jogador de futebol Thales Lima da Concei\u00e7\u00e3o, de 25 anos, morreu na manh\u00e3 deste s\u00e1bado (22), v\u00edtima de um acidente de tr\u00e2nsito, no Rio de Janeiro.<\/p>\n<p>Thalles era jogador do Vasco, mas estava emprestado para a Ponte Preta, de S\u00e3o Paulo.<\/p>\n<p>Segundo o Corpo de Bombeiros, a corpora\u00e7\u00e3o foi acionada \u00e0s 6h30 para atender uma ocorr\u00eancia de colis\u00e3o de duas motos na Estrada Almirante Pena Boto, no bairro Monjolos, em S\u00e3o Gon\u00e7alo, na Regi\u00e3o Metropolitana do Rio.<\/p>\n<p>Quatro v\u00edtimas, entre elas Thales e tr\u00eas mulheres, foram socorridas e levadas para o Hospital Estadual Alberto Torres. Uma quinta v\u00edtima, um homem de 27 anos, n\u00e3o identificado, morreu no local.<\/p>\n<p>O Vasco da Gama divulgou nota de pesar nas redes sociais. Afirma que o clube est\u00e1 chocado com a not\u00edcia do acidente e que lamenta profundamente a morte do atacante Thales. O clube deseja ainda muita for\u00e7a aos familiares e amigos.<\/p>\n<p>Nas redes sociais, a Ponte Preta, onde Tales jogava desde o in\u00edcio deste ano, tamb\u00e9m lamentou a morte do jogador. O texto diz que o clube recebeu a not\u00edcia de maneira consternada e manifesta solidariedade aos familiares e amigos.<\/p>\n<h2>Trajet\u00f3ria<\/h2>\n<p>O Vasco lembrou a trajet\u00f3ria do atleta, que chegou ainda crian\u00e7a ao clube e vinha trilhando uma carreira ascendente.<\/p>\n<p>\u201cThalles era natural de S\u00e3o Gon\u00e7alo e chegou em S\u00e3o Janu\u00e1rio aos 11 anos de idade. Teve uma trajet\u00f3ria marcada por muitos gols nas categorias de base. Principal nome da equipe campe\u00e3 da Ta\u00e7a Belo Horizonte em 2013, subiu para o time principal no mesmo ano e n\u00e3o demorou muito para se firmar.&#8221;<\/p>\n<p>Na temporada seguinte, em virtude do seu bom desempenho, foi convocado para a Sele\u00e7\u00e3o Brasileira sub-20. O atacante foi aluno do Col\u00e9gio Vasco da Gama, diz nota do clube.<\/p>\n<p>Segundo o Vasco, em cinco temporadas na equipe principal, Thalles disputou 157 partidas, marcou 36 gols e conquistou quatro t\u00edtulos: Campeonato Carioca 2015, Ta\u00e7a Guanabara 2016, Campeonato Carioca 2016 e Ta\u00e7a Rio 2017. Ainda n\u00e3o h\u00e1 informa\u00e7\u00e3o sobre o sepultamento do jogador.<\/p>\n<div class=\"edicao\">Edi\u00e7\u00e3o:\u00a0<span class=\"txtGeral\">Kleber Sampaio<\/span><\/div>\n","protected":false},"excerpt":{"rendered":"<p>O jogador de futebol Thales Lima da Concei\u00e7\u00e3o, de 25 anos, morreu na manh\u00e3 deste s\u00e1bado (22), v\u00edtima de um acidente de tr\u00e2nsito, no Rio de Janeiro. Thalles era jogador do Vasco, mas estava emprestado para a Ponte Preta, de S\u00e3o Paulo. Segundo o Corpo de Bombeiros, a corpora\u00e7\u00e3o foi acionada \u00e0s 6h30 para atender &hellip;<\/p>\n","protected":false},"author":3,"featured_media":48810,"comment_status":"open","ping_status":"open","sticky":false,"template":"","format":"standard","meta":{"footnotes":""},"categories":[4],"tags":[],"class_list":["post-48809","post","type-post","status-publish","format-standard","has-post-thumbnail","hentry","category-ultimas-noticias"],"_links":{"self":[{"href":"https:\/\/goiasemtempo.com.br\/home\/wp-json\/wp\/v2\/posts\/48809","targetHints":{"allow":["GET"]}}],"collection":[{"href":"https:\/\/goiasemtempo.com.br\/home\/wp-json\/wp\/v2\/posts"}],"about":[{"href":"https:\/\/goiasemtempo.com.br\/home\/wp-json\/wp\/v2\/types\/post"}],"author":[{"embeddable":true,"href":"https:\/\/goiasemtempo.com.br\/home\/wp-json\/wp\/v2\/users\/3"}],"replies":[{"embeddable":true,"href":"https:\/\/goiasemtempo.com.br\/home\/wp-json\/wp\/v2\/comments?post=48809"}],"version-history":[{"count":1,"href":"https:\/\/goiasemtempo.com.br\/home\/wp-json\/wp\/v2\/posts\/48809\/revisions"}],"predecessor-version":[{"id":48811,"href":"https:\/\/goiasemtempo.com.br\/home\/wp-json\/wp\/v2\/posts\/48809\/revisions\/48811"}],"wp:featuredmedia":[{"embeddable":true,"href":"https:\/\/goiasemtempo.com.br\/home\/wp-json\/wp\/v2\/media\/48810"}],"wp:attachment":[{"href":"https:\/\/goiasemtempo.com.br\/home\/wp-json\/wp\/v2\/media?parent=48809"}],"wp:term":[{"taxonomy":"category","embeddable":true,"href":"https:\/\/goiasemtempo.com.br\/home\/wp-json\/wp\/v2\/categories?post=48809"},{"taxonomy":"post_tag","embeddable":true,"href":"https:\/\/goiasemtempo.com.br\/home\/wp-json\/wp\/v2\/tags?post=48809"}],"curies":[{"name":"wp","href":"https:\/\/api.w.org\/{rel}","templated":true}]}}